{"id":2212,"date":"2024-11-16T18:20:04","date_gmt":"2024-11-16T18:20:04","guid":{"rendered":"https:\/\/www.eduardozamarro.com\/blog\/?p=2212"},"modified":"2024-11-24T11:06:16","modified_gmt":"2024-11-24T11:06:16","slug":"reinterpretacion-del-velo-albertino-mediante-tecnologias-de-fabricacion-aditiva","status":"publish","type":"post","link":"https:\/\/www.eduardozamarro.com\/blog\/?p=2212","title":{"rendered":"Reinterpretaci\u00f3n del Velo Albertino mediante tecnolog\u00edas de fabricaci\u00f3n aditiva."},"content":{"rendered":"\n<figure class=\"wp-block-embed is-type-video is-provider-youtube wp-block-embed-youtube wp-embed-aspect-16-9 wp-has-aspect-ratio\"><div class=\"wp-block-embed__wrapper\">\n<div class=\"epyt-video-wrapper\"><iframe loading=\"lazy\"  id=\"_ytid_15856\"  width=\"640\" height=\"360\"  data-origwidth=\"640\" data-origheight=\"360\" src=\"https:\/\/www.youtube.com\/embed\/4molQPOkSDA?enablejsapi=1&#038;autoplay=0&#038;cc_load_policy=0&#038;cc_lang_pref=&#038;iv_load_policy=1&#038;loop=0&#038;modestbranding=0&#038;rel=1&#038;fs=1&#038;playsinline=0&#038;autohide=2&#038;theme=dark&#038;color=red&#038;controls=1&#038;\" class=\"__youtube_prefs__  epyt-is-override  no-lazyload\" title=\"YouTube player\"  allow=\"accelerometer; autoplay; clipboard-write; encrypted-media; gyroscope; picture-in-picture\" allowfullscreen data-no-lazy=\"1\" data-skipgform_ajax_framebjll=\"\"><\/iframe><\/div>\n<\/div><\/figure>\n\n\n\n<p><\/p>\n\n\n\n<p>Proyecto de investigaci\u00f3n realizado por:<\/p>\n\n\n\n<p><strong><em>Dr. Eduardo Zamarro<\/em><\/strong><em>, <\/em>Orcid ID: <a href=\"https:\/\/orcid.org\/0000-0001-5512-2652\">0000-0001-5512-2652<\/a><\/p>\n\n\n\n<p><strong><em>Dr. Fabricio Santos<\/em><\/strong><em>, <\/em>Orcid ID:<em> <\/em>0000-0002-8260-9367<\/p>\n\n\n\n<p><strong><em>Dr. Carlos Pesqueira<\/em><\/strong><em>, <\/em>Orcid ID: <a href=\"https:\/\/orcid.org\/0000-0003-3269-9146\">0000-0003-3269-9146<\/a><\/p>\n\n\n\n<p><\/p>\n\n\n\n<p><strong>Introducci\u00f3n<\/strong><\/p>\n\n\n\n<p>El proyecto de \u201creinterpretaci\u00f3n del velo albertino mediante tecnolog\u00edas de fabricaci\u00f3n digital\u201d analiza la actualizaci\u00f3n de este hist\u00f3rico instrumento de representaci\u00f3n mediante el empleo de tecnolog\u00edas de fabricaci\u00f3n digital para su implementaci\u00f3n en la docencia de dibujo.<\/p>\n\n\n\n<p>Este velo es un ingenio concebido por el humanista Le\u00f3n Battista Alberti en el siglo XV y representa un hito fundamental en la historia de la representaci\u00f3n visual. \u00c9ste, permite comparar lo visible con una cuadr\u00edcula y trasladarla a un dibujo de manera sistem\u00e1tica. Revolucion\u00f3 la perspectiva lineal y sent\u00f3 las bases para el desarrollo de la perspectiva c\u00f3nica.<\/p>\n\n\n\n<p>La iniciativa nace de la colaboraci\u00f3n interdisciplinar entre las asignaturas de An\u00e1lisis de Formas, Geometr\u00eda Descriptiva, Fabricaci\u00f3n Digital e Impresi\u00f3n 3D y dibujo, de los grados en Arquitectura, Bellas Artes y Dise\u00f1o de la Universidad Francisco de Vitoria (UFV), con el objetivo de integrar arte y tecnolog\u00eda en un entorno de aprendizaje innovador.<\/p>\n\n\n\n<p><strong>Objetivos<\/strong><\/p>\n\n\n\n<p><a><\/a>La presente investigaci\u00f3n propone una actualizaci\u00f3n del velo albertino mediante la fabricaci\u00f3n aditiva para crear un objeto f\u00e1cilmente reproducible en cualquier impresora 3D y alcanzar el mayor n\u00famero de usuarios.<\/p>\n\n\n\n<p>Al combinar la tradici\u00f3n art\u00edstica con la tecnolog\u00eda digital, se busca no solo recuperar un instrumento hist\u00f3rico sino tambi\u00e9n explorar nuevas posibilidades creativas, pedag\u00f3gicas y divulgativas.<\/p>\n\n\n\n<p><strong>Metodolog\u00eda<\/strong><\/p>\n\n\n\n<p>Esta iniciativa interdisciplinar parte de un proyecto de innovaci\u00f3n docente utilizando la infraestructura del laboratorio de fabricaci\u00f3n digital FAB LAB (UFV). En el proceso se ha depurado, modelado y fabricado un prototipo que adapta el velo albertino a las necesidades de portabilidad y universalidad planteadas para su r\u00e9plica.<\/p>\n\n\n\n<p>Este artilugio, ha sido testeado en asignaturas de dibujo con alumnos universitarios de diferentes grados, obteniendo valiosos comentarios para su mejora continua en el aprendizaje.<\/p>\n\n\n\n<p><strong>Discusi\u00f3n<\/strong><\/p>\n\n\n\n<p>Desde el inicio de los tiempos, el ser humano se ha visto seducido por la representaci\u00f3n de la realidad. El poder disponer de artefactos que nos permitan capturar y reproducir la imagen data de la era prehist\u00f3rica, por ejemplo, en la Cueva de Castillo en Puenteviesgo hacia el 17.000 a. C.<\/p>\n\n\n\n<p>Tambi\u00e9n existen otros artilugios antiguos como el P\u00f3rticon de Durero o la c\u00e1mara oscura, descrita por Alhazen&nbsp;en el siglo XI y mejoradas por Jan van Eyck o Vel\u00e1zquez. Luego aparecieron las c\u00e1maras l\u00facidas, patentadas en 1806, utilizadas por artistas como Ingr\u00e9s. Todos ellos antecedente de la c\u00e1mara fotogr\u00e1fica que fueron la antesala de la perspectiva c\u00f3nica avanzada, en ese anhelo de renovaci\u00f3n de la ciencia.<\/p>\n\n\n\n<p>Ahora el inter\u00e9s es democratizar el uso de estos aparatos en la docencia gracias a las tecnolog\u00edas de fabricaci\u00f3n digital compartiendo los dise\u00f1os por Internet.<\/p>\n\n\n\n<p><strong>Resultados<\/strong><\/p>\n\n\n\n<p>Se ha realizado un estudio del dise\u00f1o y la fabricaci\u00f3n para que, este ingenio, pueda ser reproducido por tecnolog\u00edas de impresi\u00f3n 3D sencillas, y as\u00ed fomentar su divulgaci\u00f3n, resultando un prototipo de velo funcional, port\u00e1til y econ\u00f3mico.<\/p>\n\n\n\n<p><strong>Conclusiones<\/strong><\/p>\n\n\n\n<p>Esta invenci\u00f3n, que est\u00e1 en proceso de solicitud de patente, ha animado a plantear la reinterpretaci\u00f3n de otros artefactos de dibujo para ser testados en el \u00e1mbito acad\u00e9mico y compartidos globalmente.<\/p>\n\n\n\n<p>V CONGRESO INTERNACIONAL DE FORMACI\u00d3N PERMANENTE NODOS DEL CONOCIMIENTO Paradigmas emergentes, polarizaci\u00f3n social y revisionismo educativo: abordando los nuevos desaf\u00edos del conocimiento humano 21 y 22 de noviembre 2024 Eduardo Zamarro Flores, Dr. En Bellas Artes y profesor de dibujo y pintura en los grados de Bellas Artes y Arquitectura de la UFV. Junto a Dr. \u00d3scar Fabricio Santos Arias, profesor y director del FAB LAB UFV y el Dr. Carlos Pesqueira Calvo, profesor en los grados de Arquitectura y Dise\u00f1o de la UFV. Encantado de compartir este proyecto de innovaci\u00f3n docente, que llevamos a la pr\u00e1ctica durante el a\u00f1o acad\u00e9mico 2023-2024. Este trabajo se enmarca en el proyecto de innovaci\u00f3n docente \u201cReinterpretaci\u00f3n del Velo Albertino mediante tecnolog\u00edas de construcci\u00f3n digital aditivas\u201d de la Convocatoria de Ayudas a la Innovaci\u00f3n Docente para la Mejora en el Aprendizaje 2022\/2023, financiado por la Universidad Francisco de Vitoria.<\/p>\n\n\n\n<p><\/p>\n<!--CusAds0-->\n<div style=\"font-size: 0px; height: 0px; line-height: 0px; margin: 0; padding: 0; clear: both;\"><\/div>","protected":false},"excerpt":{"rendered":"<p>Proyecto de investigaci\u00f3n realizado por: Dr. Eduardo Zamarro, Orcid ID: 0000-0001-5512-2652 Dr. Fabricio Santos, Orcid ID: 0000-0002-8260-9367 Dr. Carlos Pesqueira, Orcid ID: 0000-0003-3269-9146 Introducci\u00f3n El proyecto de \u201creinterpretaci\u00f3n del velo albertino mediante tecnolog\u00edas de fabricaci\u00f3n digital\u201d analiza la actualizaci\u00f3n de este hist\u00f3rico instrumento de representaci\u00f3n mediante el empleo de tecnolog\u00edas de fabricaci\u00f3n digital para su [&hellip;]<\/p>\n","protected":false},"author":1,"featured_media":2213,"comment_status":"open","ping_status":"closed","sticky":false,"template":"","format":"standard","meta":{"footnotes":""},"categories":[88],"tags":[],"class_list":["post-2212","post","type-post","status-publish","format-standard","has-post-thumbnail","hentry","category-dibujo"],"yoast_head":"<!-- This site is optimized with the Yoast SEO plugin v20.12 - https:\/\/yoast.com\/wordpress\/plugins\/seo\/ -->\n<title>Reinterpretaci\u00f3n del Velo Albertino mediante tecnolog\u00edas de fabricaci\u00f3n aditiva. - viviendo el arte<\/title>\n<meta name=\"robots\" content=\"index, follow, max-snippet:-1, max-image-preview:large, max-video-preview:-1\" \/>\n<link rel=\"canonical\" href=\"https:\/\/www.eduardozamarro.com\/blog\/?p=2212\" \/>\n<meta property=\"og:locale\" content=\"es_ES\" \/>\n<meta property=\"og:type\" content=\"article\" \/>\n<meta property=\"og:title\" content=\"Reinterpretaci\u00f3n del Velo Albertino mediante tecnolog\u00edas de fabricaci\u00f3n aditiva. - viviendo el arte\" \/>\n<meta property=\"og:description\" content=\"Proyecto de investigaci\u00f3n realizado por: Dr. Eduardo Zamarro, Orcid ID: 0000-0001-5512-2652 Dr. Fabricio Santos, Orcid ID: 0000-0002-8260-9367 Dr. Carlos Pesqueira, Orcid ID: 0000-0003-3269-9146 Introducci\u00f3n El proyecto de \u201creinterpretaci\u00f3n del velo albertino mediante tecnolog\u00edas de fabricaci\u00f3n digital\u201d analiza la actualizaci\u00f3n de este hist\u00f3rico instrumento de representaci\u00f3n mediante el empleo de tecnolog\u00edas de fabricaci\u00f3n digital para su [&hellip;]\" \/>\n<meta property=\"og:url\" content=\"https:\/\/www.eduardozamarro.com\/blog\/?p=2212\" \/>\n<meta property=\"og:site_name\" content=\"viviendo el arte\" \/>\n<meta property=\"article:publisher\" content=\"https:\/\/www.facebook.com\/people\/Eduardo-Zamarro\/100006274908176\" \/>\n<meta property=\"article:published_time\" content=\"2024-11-16T18:20:04+00:00\" \/>\n<meta property=\"article:modified_time\" content=\"2024-11-24T11:06:16+00:00\" \/>\n<meta property=\"og:image\" content=\"https:\/\/www.eduardozamarro.com\/blog\/wp-content\/uploads\/2024\/11\/thumbnail_WhatsApp-Image-2023-04-25-at-14.50.32-2.jpg\" \/>\n\t<meta property=\"og:image:width\" content=\"1280\" \/>\n\t<meta property=\"og:image:height\" content=\"960\" \/>\n\t<meta property=\"og:image:type\" content=\"image\/jpeg\" \/>\n<meta name=\"author\" content=\"eduardo\" \/>\n<meta name=\"twitter:card\" content=\"summary_large_image\" \/>\n<meta name=\"twitter:label1\" content=\"Escrito por\" \/>\n\t<meta name=\"twitter:data1\" content=\"eduardo\" \/>\n\t<meta name=\"twitter:label2\" content=\"Tiempo de lectura\" \/>\n\t<meta name=\"twitter:data2\" content=\"4 minutos\" \/>\n<script type=\"application\/ld+json\" class=\"yoast-schema-graph\">{\"@context\":\"https:\/\/schema.org\",\"@graph\":[{\"@type\":\"WebPage\",\"@id\":\"https:\/\/www.eduardozamarro.com\/blog\/?p=2212\",\"url\":\"https:\/\/www.eduardozamarro.com\/blog\/?p=2212\",\"name\":\"Reinterpretaci\u00f3n del Velo Albertino mediante tecnolog\u00edas de fabricaci\u00f3n aditiva. - viviendo el arte\",\"isPartOf\":{\"@id\":\"http:\/\/www.eduardozamarro.com\/blog\/#website\"},\"datePublished\":\"2024-11-16T18:20:04+00:00\",\"dateModified\":\"2024-11-24T11:06:16+00:00\",\"author\":{\"@id\":\"http:\/\/www.eduardozamarro.com\/blog\/#\/schema\/person\/c8d6ede1a3d870193ec3913ce30e90a6\"},\"breadcrumb\":{\"@id\":\"https:\/\/www.eduardozamarro.com\/blog\/?p=2212#breadcrumb\"},\"inLanguage\":\"es\",\"potentialAction\":[{\"@type\":\"ReadAction\",\"target\":[\"https:\/\/www.eduardozamarro.com\/blog\/?p=2212\"]}]},{\"@type\":\"BreadcrumbList\",\"@id\":\"https:\/\/www.eduardozamarro.com\/blog\/?p=2212#breadcrumb\",\"itemListElement\":[{\"@type\":\"ListItem\",\"position\":1,\"name\":\"Portada\",\"item\":\"http:\/\/www.eduardozamarro.com\/blog\"},{\"@type\":\"ListItem\",\"position\":2,\"name\":\"Reinterpretaci\u00f3n del Velo Albertino mediante tecnolog\u00edas de fabricaci\u00f3n aditiva.\"}]},{\"@type\":\"WebSite\",\"@id\":\"http:\/\/www.eduardozamarro.com\/blog\/#website\",\"url\":\"http:\/\/www.eduardozamarro.com\/blog\/\",\"name\":\"viviendo el arte\",\"description\":\"eduardo zamarro\",\"alternateName\":\"Un espacio para compartir\",\"potentialAction\":[{\"@type\":\"SearchAction\",\"target\":{\"@type\":\"EntryPoint\",\"urlTemplate\":\"http:\/\/www.eduardozamarro.com\/blog\/?s={search_term_string}\"},\"query-input\":\"required name=search_term_string\"}],\"inLanguage\":\"es\"},{\"@type\":\"Person\",\"@id\":\"http:\/\/www.eduardozamarro.com\/blog\/#\/schema\/person\/c8d6ede1a3d870193ec3913ce30e90a6\",\"name\":\"eduardo\",\"image\":{\"@type\":\"ImageObject\",\"inLanguage\":\"es\",\"@id\":\"http:\/\/www.eduardozamarro.com\/blog\/#\/schema\/person\/image\/\",\"url\":\"https:\/\/secure.gravatar.com\/avatar\/65796e46a800ce6809d1a5d4018c0a27208d46d8ff29dd74c6248264106c222d?s=96&d=blank&r=g\",\"contentUrl\":\"https:\/\/secure.gravatar.com\/avatar\/65796e46a800ce6809d1a5d4018c0a27208d46d8ff29dd74c6248264106c222d?s=96&d=blank&r=g\",\"caption\":\"eduardo\"},\"description\":\"Dr. en Bellas Artes, Artista y profesor de Universidad, especializado en dibujo y pintura de grandes dimensiones. ORCID ID: 0000-0001-5512-2652\",\"sameAs\":[\"http:\/\/www.eduardozamarro.com\"]}]}<\/script>\n<!-- \/ Yoast SEO plugin. -->","yoast_head_json":{"title":"Reinterpretaci\u00f3n del Velo Albertino mediante tecnolog\u00edas de fabricaci\u00f3n aditiva. - viviendo el arte","robots":{"index":"index","follow":"follow","max-snippet":"max-snippet:-1","max-image-preview":"max-image-preview:large","max-video-preview":"max-video-preview:-1"},"canonical":"https:\/\/www.eduardozamarro.com\/blog\/?p=2212","og_locale":"es_ES","og_type":"article","og_title":"Reinterpretaci\u00f3n del Velo Albertino mediante tecnolog\u00edas de fabricaci\u00f3n aditiva. - viviendo el arte","og_description":"Proyecto de investigaci\u00f3n realizado por: Dr. Eduardo Zamarro, Orcid ID: 0000-0001-5512-2652 Dr. Fabricio Santos, Orcid ID: 0000-0002-8260-9367 Dr. Carlos Pesqueira, Orcid ID: 0000-0003-3269-9146 Introducci\u00f3n El proyecto de \u201creinterpretaci\u00f3n del velo albertino mediante tecnolog\u00edas de fabricaci\u00f3n digital\u201d analiza la actualizaci\u00f3n de este hist\u00f3rico instrumento de representaci\u00f3n mediante el empleo de tecnolog\u00edas de fabricaci\u00f3n digital para su [&hellip;]","og_url":"https:\/\/www.eduardozamarro.com\/blog\/?p=2212","og_site_name":"viviendo el arte","article_publisher":"https:\/\/www.facebook.com\/people\/Eduardo-Zamarro\/100006274908176","article_published_time":"2024-11-16T18:20:04+00:00","article_modified_time":"2024-11-24T11:06:16+00:00","og_image":[{"width":1280,"height":960,"url":"https:\/\/www.eduardozamarro.com\/blog\/wp-content\/uploads\/2024\/11\/thumbnail_WhatsApp-Image-2023-04-25-at-14.50.32-2.jpg","type":"image\/jpeg"}],"author":"eduardo","twitter_card":"summary_large_image","twitter_misc":{"Escrito por":"eduardo","Tiempo de lectura":"4 minutos"},"schema":{"@context":"https:\/\/schema.org","@graph":[{"@type":"WebPage","@id":"https:\/\/www.eduardozamarro.com\/blog\/?p=2212","url":"https:\/\/www.eduardozamarro.com\/blog\/?p=2212","name":"Reinterpretaci\u00f3n del Velo Albertino mediante tecnolog\u00edas de fabricaci\u00f3n aditiva. - viviendo el arte","isPartOf":{"@id":"http:\/\/www.eduardozamarro.com\/blog\/#website"},"datePublished":"2024-11-16T18:20:04+00:00","dateModified":"2024-11-24T11:06:16+00:00","author":{"@id":"http:\/\/www.eduardozamarro.com\/blog\/#\/schema\/person\/c8d6ede1a3d870193ec3913ce30e90a6"},"breadcrumb":{"@id":"https:\/\/www.eduardozamarro.com\/blog\/?p=2212#breadcrumb"},"inLanguage":"es","potentialAction":[{"@type":"ReadAction","target":["https:\/\/www.eduardozamarro.com\/blog\/?p=2212"]}]},{"@type":"BreadcrumbList","@id":"https:\/\/www.eduardozamarro.com\/blog\/?p=2212#breadcrumb","itemListElement":[{"@type":"ListItem","position":1,"name":"Portada","item":"http:\/\/www.eduardozamarro.com\/blog"},{"@type":"ListItem","position":2,"name":"Reinterpretaci\u00f3n del Velo Albertino mediante tecnolog\u00edas de fabricaci\u00f3n aditiva."}]},{"@type":"WebSite","@id":"http:\/\/www.eduardozamarro.com\/blog\/#website","url":"http:\/\/www.eduardozamarro.com\/blog\/","name":"viviendo el arte","description":"eduardo zamarro","alternateName":"Un espacio para compartir","potentialAction":[{"@type":"SearchAction","target":{"@type":"EntryPoint","urlTemplate":"http:\/\/www.eduardozamarro.com\/blog\/?s={search_term_string}"},"query-input":"required name=search_term_string"}],"inLanguage":"es"},{"@type":"Person","@id":"http:\/\/www.eduardozamarro.com\/blog\/#\/schema\/person\/c8d6ede1a3d870193ec3913ce30e90a6","name":"eduardo","image":{"@type":"ImageObject","inLanguage":"es","@id":"http:\/\/www.eduardozamarro.com\/blog\/#\/schema\/person\/image\/","url":"https:\/\/secure.gravatar.com\/avatar\/65796e46a800ce6809d1a5d4018c0a27208d46d8ff29dd74c6248264106c222d?s=96&d=blank&r=g","contentUrl":"https:\/\/secure.gravatar.com\/avatar\/65796e46a800ce6809d1a5d4018c0a27208d46d8ff29dd74c6248264106c222d?s=96&d=blank&r=g","caption":"eduardo"},"description":"Dr. en Bellas Artes, Artista y profesor de Universidad, especializado en dibujo y pintura de grandes dimensiones. ORCID ID: 0000-0001-5512-2652","sameAs":["http:\/\/www.eduardozamarro.com"]}]}},"_links":{"self":[{"href":"https:\/\/www.eduardozamarro.com\/blog\/index.php?rest_route=\/wp\/v2\/posts\/2212","targetHints":{"allow":["GET"]}}],"collection":[{"href":"https:\/\/www.eduardozamarro.com\/blog\/index.php?rest_route=\/wp\/v2\/posts"}],"about":[{"href":"https:\/\/www.eduardozamarro.com\/blog\/index.php?rest_route=\/wp\/v2\/types\/post"}],"author":[{"embeddable":true,"href":"https:\/\/www.eduardozamarro.com\/blog\/index.php?rest_route=\/wp\/v2\/users\/1"}],"replies":[{"embeddable":true,"href":"https:\/\/www.eduardozamarro.com\/blog\/index.php?rest_route=%2Fwp%2Fv2%2Fcomments&post=2212"}],"version-history":[{"count":4,"href":"https:\/\/www.eduardozamarro.com\/blog\/index.php?rest_route=\/wp\/v2\/posts\/2212\/revisions"}],"predecessor-version":[{"id":2218,"href":"https:\/\/www.eduardozamarro.com\/blog\/index.php?rest_route=\/wp\/v2\/posts\/2212\/revisions\/2218"}],"wp:featuredmedia":[{"embeddable":true,"href":"https:\/\/www.eduardozamarro.com\/blog\/index.php?rest_route=\/wp\/v2\/media\/2213"}],"wp:attachment":[{"href":"https:\/\/www.eduardozamarro.com\/blog\/index.php?rest_route=%2Fwp%2Fv2%2Fmedia&parent=2212"}],"wp:term":[{"taxonomy":"category","embeddable":true,"href":"https:\/\/www.eduardozamarro.com\/blog\/index.php?rest_route=%2Fwp%2Fv2%2Fcategories&post=2212"},{"taxonomy":"post_tag","embeddable":true,"href":"https:\/\/www.eduardozamarro.com\/blog\/index.php?rest_route=%2Fwp%2Fv2%2Ftags&post=2212"}],"curies":[{"name":"wp","href":"https:\/\/api.w.org\/{rel}","templated":true}]}}