{"id":495,"date":"2014-07-08T09:10:57","date_gmt":"2014-07-08T09:10:57","guid":{"rendered":"http:\/\/www.eduardozamarro.com\/blog\/?p=495"},"modified":"2019-08-24T09:48:26","modified_gmt":"2019-08-24T09:48:26","slug":"pinturas-murales-ermita-de-cantalejo-segovia","status":"publish","type":"post","link":"http:\/\/www.eduardozamarro.com\/blog\/?p=495","title":{"rendered":"Pinturas murales Ermita de Cantalejo, Segovia."},"content":{"rendered":"<p><strong>Tem\u00e1tica de las im\u00e1genes.<\/strong><\/p>\n<figure id=\"attachment_639\" aria-describedby=\"caption-attachment-639\" style=\"width: 1024px\" class=\"wp-caption aligncenter\"><a href=\"http:\/\/www.eduardozamarro.com\/blog\/wp-content\/uploads\/2014\/07\/ermita-cantalejo-despues.jpg\"><img loading=\"lazy\" decoding=\"async\" class=\"size-large wp-image-639\" src=\"http:\/\/www.eduardozamarro.com\/blog\/wp-content\/uploads\/2014\/07\/ermita-cantalejo-despues-1024x947.jpg\" alt=\"pinturas murales ermita de Nuestra Se\u00f1ora del Pinar de Cantalejo, \u00c1bside\" width=\"1024\" height=\"947\" srcset=\"http:\/\/www.eduardozamarro.com\/blog\/wp-content\/uploads\/2014\/07\/ermita-cantalejo-despues-1024x947.jpg 1024w, http:\/\/www.eduardozamarro.com\/blog\/wp-content\/uploads\/2014\/07\/ermita-cantalejo-despues-300x278.jpg 300w\" sizes=\"auto, (max-width: 1024px) 100vw, 1024px\" \/><\/a><figcaption id=\"caption-attachment-639\" class=\"wp-caption-text\">pinturas murales ermita de Nuestra Se\u00f1ora del Pinar de Cantalejo, \u00c1bside<\/figcaption><\/figure>\n<p>La ermita es de origen rom\u00e1nico, aunque ha tenido m\u00faltiples reformas, y carec\u00eda de decoraci\u00f3n. La intervenci\u00f3n se centrar\u00e1 en el \u00e1bside, y busca su inspiraci\u00f3n en la imaginer\u00eda de aquel origen, como la imagen de la Virgen titular de la ermita.<\/p>\n<p>Puesto que la tem\u00e1tica apocal\u00edptica, basada sobre todo en los comentarios de Beato de Li\u00e9bana, era frecuente en las representaciones pict\u00f3ricas de aquella \u00e9poca, las figuras y los textos del proyecto se han elegido en consonancia con ello. De este modo, en el fondo del \u00e1bside aparecer\u00e1 un Cristo Pantocr\u00e1tor con el mundo bajo sus pies y flanqueado por el Tetramorfos, mientras que en la b\u00f3veda se aludir\u00e1 a la Parus\u00eda de Cristo ante las tribus de la tierra, de acuerdo con el discurso escatol\u00f3gico del Evangelio de San Mateo y el propio libro del Apocalipsis.<\/p>\n<p><strong>C\u00fapula: (Pantocr\u00e1tor)<\/strong><\/p>\n<figure id=\"attachment_499\" aria-describedby=\"caption-attachment-499\" style=\"width: 800px\" class=\"wp-caption aligncenter\"><a href=\"http:\/\/www.eduardozamarro.com\/blog\/wp-content\/uploads\/2014\/07\/cupula-detalle.jpg\"><img loading=\"lazy\" decoding=\"async\" class=\"size-full wp-image-499\" src=\"http:\/\/www.eduardozamarro.com\/blog\/wp-content\/uploads\/2014\/07\/cupula-detalle.jpg\" alt=\"c\u00fapula\" width=\"800\" height=\"536\" srcset=\"http:\/\/www.eduardozamarro.com\/blog\/wp-content\/uploads\/2014\/07\/cupula-detalle.jpg 800w, http:\/\/www.eduardozamarro.com\/blog\/wp-content\/uploads\/2014\/07\/cupula-detalle-300x201.jpg 300w, http:\/\/www.eduardozamarro.com\/blog\/wp-content\/uploads\/2014\/07\/cupula-detalle-624x418.jpg 624w\" sizes=\"auto, (max-width: 800px) 100vw, 800px\" \/><\/a><figcaption id=\"caption-attachment-499\" class=\"wp-caption-text\">c\u00fapula<\/figcaption><\/figure>\n<p>La figura del Cristo en Majestad se inspira en el Pantocr\u00e1tor de Tahull y representa al Salvador entronizado, como Alfa y Omega, principio y final de toda la creaci\u00f3n. Su mano derecha bendice y la izquierda sostiene el Evangelio (Jn 8:12) donde dice: \u201cEgo sum Lux mundi\u201d (Yo soy la Luz del mundo).<\/p>\n<figure id=\"attachment_503\" aria-describedby=\"caption-attachment-503\" style=\"width: 800px\" class=\"wp-caption aligncenter\"><a href=\"http:\/\/www.eduardozamarro.com\/blog\/wp-content\/uploads\/2014\/07\/mapamundi.jpg\"><img loading=\"lazy\" decoding=\"async\" class=\"size-full wp-image-503\" src=\"http:\/\/www.eduardozamarro.com\/blog\/wp-content\/uploads\/2014\/07\/mapamundi.jpg\" alt=\"mapamundi\" width=\"800\" height=\"886\" srcset=\"http:\/\/www.eduardozamarro.com\/blog\/wp-content\/uploads\/2014\/07\/mapamundi.jpg 800w, http:\/\/www.eduardozamarro.com\/blog\/wp-content\/uploads\/2014\/07\/mapamundi-270x300.jpg 270w, http:\/\/www.eduardozamarro.com\/blog\/wp-content\/uploads\/2014\/07\/mapamundi-624x691.jpg 624w\" sizes=\"auto, (max-width: 800px) 100vw, 800px\" \/><\/a><figcaption id=\"caption-attachment-503\" class=\"wp-caption-text\">mapamundi<\/figcaption><\/figure>\n<p>A sus pies se representa al mundo de modo esquem\u00e1tico de T en O, como es frecuente en los mapamundis de los Beatos, dividido en las tres partes del mundo entonces conocidas: en el centro se encuentra Jerusal\u00e9n, la parte superior es Asia, la mitad inferior esta divida por el mar Mediterr\u00e1neo que separa a Europa de \u00c1frica, todo el mundo est\u00e1 rodeado por el Oc\u00e9ano con sus peces. El tetramorfos rodea a la mandorla central y todas las figuras se encuentran sobre un fondo de tres franjas siguiendo la simbolog\u00eda rom\u00e1nica.<\/p>\n<p>En la parte inferior aparece el el himno que canta el tetramorfos en la liturgia celeste del Apocalipsis \u00a0(Ap 4: 8): Sanctus, Sanctus, Sanctus, Dominus Deus Omnipotens, Qui Erat, et Qui Est, et Qui Venturus Est! (\u00a1Santo, Santo, Santo, Se\u00f1or Dios Omnipotente, el que era, el que es y el que vendr\u00e1!).<\/p>\n<p><strong>B\u00f3veda: (Tribus del mundo)<\/strong><\/p>\n<figure id=\"attachment_504\" aria-describedby=\"caption-attachment-504\" style=\"width: 625px\" class=\"wp-caption aligncenter\"><a href=\"http:\/\/www.eduardozamarro.com\/blog\/wp-content\/uploads\/2014\/07\/boveda-2.jpg\"><img loading=\"lazy\" decoding=\"async\" class=\"size-large wp-image-504\" src=\"http:\/\/www.eduardozamarro.com\/blog\/wp-content\/uploads\/2014\/07\/boveda-2-1024x624.jpg\" alt=\"B\u00f3veda\" width=\"625\" height=\"380\" srcset=\"http:\/\/www.eduardozamarro.com\/blog\/wp-content\/uploads\/2014\/07\/boveda-2-1024x624.jpg 1024w, http:\/\/www.eduardozamarro.com\/blog\/wp-content\/uploads\/2014\/07\/boveda-2-300x183.jpg 300w, http:\/\/www.eduardozamarro.com\/blog\/wp-content\/uploads\/2014\/07\/boveda-2-624x380.jpg 624w\" sizes=\"auto, (max-width: 625px) 100vw, 625px\" \/><\/a><figcaption id=\"caption-attachment-504\" class=\"wp-caption-text\">B\u00f3veda<\/figcaption><\/figure>\n<p>En la b\u00f3veda del \u00e1bside se representar\u00e1 la Parus\u00eda del Hijo de Dios ante las doce tribus del mundo. Los motivos se inspiran en el folio 26 del Beato de Li\u00e9bana del San Miguel de la Escalada.<\/p>\n<p>La figura central representa a Cristo como el Cordero Pascual del Apocalipsis sobre el libro de los siete sellos, rodeado de veinticuatro puntos que simbolizan a los veinticuatro ancianos. La inscripci\u00f3n sobre fondo dorado cita el Evangelio seg\u00fan San Mateo (Mt 24: 30): \u201cplangent omnes tribus terrae et videbunt Filium hominis venientem in nubibus caeli cum virtute et gloria multa\u201d (se lamentar\u00e1n todas las tribus de la tierra y ver\u00e1n al Hijo del Hombre venir en las nubes del cielo con poder y mucha gloria). \u00a0Aparecen tambi\u00e9n el sol y luna, como s\u00edmbolo de que Dios es el hacedor de toda la creaci\u00f3n y que su Revelaci\u00f3n abarca el cosmos entero.<\/p>\n<p><a href=\"http:\/\/www.eduardozamarro.com\/blog\/wp-content\/uploads\/2014\/07\/tribus-luna.jpg\"><img loading=\"lazy\" decoding=\"async\" class=\"size-large wp-image-505 aligncenter\" src=\"http:\/\/www.eduardozamarro.com\/blog\/wp-content\/uploads\/2014\/07\/tribus-luna-1024x616.jpg\" alt=\"tribus luna\" width=\"625\" height=\"375\" srcset=\"http:\/\/www.eduardozamarro.com\/blog\/wp-content\/uploads\/2014\/07\/tribus-luna-1024x616.jpg 1024w, http:\/\/www.eduardozamarro.com\/blog\/wp-content\/uploads\/2014\/07\/tribus-luna-300x180.jpg 300w, http:\/\/www.eduardozamarro.com\/blog\/wp-content\/uploads\/2014\/07\/tribus-luna-624x375.jpg 624w\" sizes=\"auto, (max-width: 625px) 100vw, 625px\" \/><\/a> <a href=\"http:\/\/www.eduardozamarro.com\/blog\/wp-content\/uploads\/2014\/07\/tribus-sol.jpg\"><img loading=\"lazy\" decoding=\"async\" class=\"size-large wp-image-506 aligncenter\" src=\"http:\/\/www.eduardozamarro.com\/blog\/wp-content\/uploads\/2014\/07\/tribus-sol-1024x609.jpg\" alt=\"tribus sol\" width=\"625\" height=\"371\" srcset=\"http:\/\/www.eduardozamarro.com\/blog\/wp-content\/uploads\/2014\/07\/tribus-sol-1024x609.jpg 1024w, http:\/\/www.eduardozamarro.com\/blog\/wp-content\/uploads\/2014\/07\/tribus-sol-300x178.jpg 300w, http:\/\/www.eduardozamarro.com\/blog\/wp-content\/uploads\/2014\/07\/tribus-sol-624x371.jpg 624w\" sizes=\"auto, (max-width: 625px) 100vw, 625px\" \/><\/a><\/p>\n<p>Bajo los astros se ven unas figuras humanas que representan a todas las tribus del mundo, de sus ojos brotan l\u00e1grimas simbolizando la tristeza.<\/p>\n<p>Toda esta composici\u00f3n est\u00e1 rodeada de una cenefa de espigas y trillos como homenaje a la industria de Cantalejo y representaci\u00f3n apocal\u00edptica del final de los tiempos.<\/p>\n<p>Lo mismo que en el \u00e1bside, los colores ocre, verde y rojo del fondo de la b\u00f3veda responden a la representaci\u00f3n del paisaje medieval, y se pintar\u00e1n respetando las t\u00e9cnicas y pigmentos de la \u00e9poca, \u00f3xidos de hierro y tierras.<\/p>\n<p><strong>Arcos ciegos:<\/strong><\/p>\n<p>En los arcos ciegos del \u00e1bside se han representando dos escenas en las que la Virgen tiene un papel fundamental, como homenaje a la misma por estar la ermita dedicada a la Virgen, las escenas son, las bodas de Can\u00e1 y Pentecost\u00e9s.<\/p>\n<p><strong>Las Bodas de Can\u00e1:<\/strong><\/p>\n<figure id=\"attachment_507\" aria-describedby=\"caption-attachment-507\" style=\"width: 800px\" class=\"wp-caption aligncenter\"><a href=\"http:\/\/www.eduardozamarro.com\/blog\/wp-content\/uploads\/2014\/07\/bodas-de-cana.jpg\"><img loading=\"lazy\" decoding=\"async\" class=\"size-full wp-image-507\" src=\"http:\/\/www.eduardozamarro.com\/blog\/wp-content\/uploads\/2014\/07\/bodas-de-cana.jpg\" alt=\"Bodas de Can\u00e1\" width=\"800\" height=\"688\" srcset=\"http:\/\/www.eduardozamarro.com\/blog\/wp-content\/uploads\/2014\/07\/bodas-de-cana.jpg 800w, http:\/\/www.eduardozamarro.com\/blog\/wp-content\/uploads\/2014\/07\/bodas-de-cana-300x258.jpg 300w, http:\/\/www.eduardozamarro.com\/blog\/wp-content\/uploads\/2014\/07\/bodas-de-cana-624x536.jpg 624w\" sizes=\"auto, (max-width: 800px) 100vw, 800px\" \/><\/a><figcaption id=\"caption-attachment-507\" class=\"wp-caption-text\">Bodas de Can\u00e1<\/figcaption><\/figure>\n<p>En el arco de la izquierda est\u00e1 representado al estilo rom\u00e1nico las bodas de Can\u00e1 tal como se describe en el Evangelio de Juan (Jn 2:1-11) donde se cita el primer milagro realizado por Jes\u00fas, en el se narra que en una boda en Can\u00e1, Galilea donde estaban la Virgen, Jes\u00fas y sus disc\u00edpulos, en un momento dado se acaba el vino, entonces Mar\u00eda dijo a los sirvientes que hicieran lo que Jes\u00fas dijera.<\/p>\n<p>Jes\u00fas entonces pidi\u00f3 que se llenaran seis tinajas de agua, cuando comprobaron el contenido de las mismas el agua se hab\u00eda convertido en vino de gran calidad, en la representaci\u00f3n aparece pues la mesa del banquete, los novios, varios invitados, Mar\u00eda, Jes\u00fas y un sirviente llenando una tinaja de agua mientras las otras se han convertido el vino.<\/p>\n<p><strong>Pentecost\u00e9s:<\/strong><\/p>\n<figure id=\"attachment_509\" aria-describedby=\"caption-attachment-509\" style=\"width: 800px\" class=\"wp-caption aligncenter\"><a href=\"http:\/\/www.eduardozamarro.com\/blog\/wp-content\/uploads\/2014\/07\/pentecostes1.jpg\"><img loading=\"lazy\" decoding=\"async\" class=\"size-full wp-image-509\" src=\"http:\/\/www.eduardozamarro.com\/blog\/wp-content\/uploads\/2014\/07\/pentecostes1.jpg\" alt=\"Pentecost\u00e9s:\" width=\"800\" height=\"978\" srcset=\"http:\/\/www.eduardozamarro.com\/blog\/wp-content\/uploads\/2014\/07\/pentecostes1.jpg 800w, http:\/\/www.eduardozamarro.com\/blog\/wp-content\/uploads\/2014\/07\/pentecostes1-245x300.jpg 245w, http:\/\/www.eduardozamarro.com\/blog\/wp-content\/uploads\/2014\/07\/pentecostes1-624x762.jpg 624w\" sizes=\"auto, (max-width: 800px) 100vw, 800px\" \/><\/a><figcaption id=\"caption-attachment-509\" class=\"wp-caption-text\">Pentecost\u00e9s:<\/figcaption><\/figure>\n<p>En el arco de la derecha continuando con la tem\u00e1tica de la Virgen est\u00e1 representado Pentecost\u00e9s, como narra el cap\u00edtulo 2 de los hechos de los Ap\u00f3stoles \u201cCuando llego el d\u00eda de Pentecost\u00e9s estaban todos reunidos en el mismo lugar. De pronto vino del cielo un ruido como el de una r\u00e1faga de viento impetuoso, que lleno toda la casa en la que estaban. Y aparecieron unas lenguas como de fuego que se repartieron y fueron pos\u00e1ndose sobre cada uno de ellos. Todos quedaron llenos del Esp\u00edritu Santo y comenzaron a hablar en otras lenguas, seg\u00fan el Esp\u00edritu les permit\u00edan que hablaran\u201d (Hech 2,1-4)<\/p>\n<p>En esta representaci\u00f3n aparecen doce ap\u00f3stoles ya que aunque Judas Iscariote ya no estaba presente, Mat\u00edas ya hab\u00eda sido elegido como nuevo ap\u00f3stol tal como se narra en (Hech 1,22-26)<\/p>\n<p>&#8212;&#8212;&#8212;&#8212;&#8212;&#8212;&#8212;&#8212;&#8212;&#8212;&#8212;&#8212;&#8212;&#8212;&#8212;&#8212;&#8212;-<\/p>\n<p>El Pintor Dr. Eduardo Zamarro y su equipo han realizado los trabajos que forman parte del nuevo complejo mural de la Ermita de Cantalejo.<\/p>\n<p>Los trabajos de pintura comenzaron el 10 de junio de 2014 y terminaron el 10 de Julio del mismo a\u00f1o coincidiendo con la festividad de San Crist\u00f3bal.<\/p>\n<p>El equipo de pintores est\u00e1 compuesto por Eduardo Zamarro como director del proyecto, Amalia Cayetano como maestra pintora, Claudia Peinado y Alberto Rubio como pintores y Cristina Bielsa y Eduardo Mel\u00e9ndez como becarios en pr\u00e1cticas en la Facultad de Bellas Artes de la Universidad Francisco de Vitoria.<\/p>\n<p>Los trabajos fueron\u00a0 financiados por un donante an\u00f3nimo.<\/p>\n<p>si quieres ver el making off pincha<a title=\"making off\" href=\"http:\/\/www.eduardozamarro.com\/blog\/?p=463\"> aqui<\/a><\/p>\n<!--CusAds0-->\n<div style=\"font-size: 0px; height: 0px; line-height: 0px; margin: 0; padding: 0; clear: both;\"><\/div>","protected":false},"excerpt":{"rendered":"<p>Tem\u00e1tica de las im\u00e1genes. La ermita es de origen rom\u00e1nico, aunque ha tenido m\u00faltiples reformas, y carec\u00eda de decoraci\u00f3n. La intervenci\u00f3n se centrar\u00e1 en el \u00e1bside, y busca su inspiraci\u00f3n en la imaginer\u00eda de aquel origen, como la imagen de la Virgen titular de la ermita. Puesto que la tem\u00e1tica apocal\u00edptica, basada sobre todo en [&hellip;]<\/p>\n","protected":false},"author":1,"featured_media":639,"comment_status":"open","ping_status":"open","sticky":false,"template":"","format":"standard","meta":{"footnotes":""},"categories":[4],"tags":[59,80,58,57],"class_list":["post-495","post","type-post","status-publish","format-standard","has-post-thumbnail","hentry","category-pintura-mural","tag-ermita-de-cantalejo","tag-pintura-mural","tag-pintura-mural-religiosa","tag-pintura-mural-romanica"],"yoast_head":"<!-- This site is optimized with the Yoast SEO plugin v20.12 - https:\/\/yoast.com\/wordpress\/plugins\/seo\/ -->\n<title>Pinturas murales Ermita de Cantalejo, Segovia. - viviendo el arte<\/title>\n<meta name=\"robots\" content=\"index, follow, max-snippet:-1, max-image-preview:large, max-video-preview:-1\" \/>\n<link rel=\"canonical\" href=\"http:\/\/www.eduardozamarro.com\/blog\/?p=495\" \/>\n<meta property=\"og:locale\" content=\"es_ES\" \/>\n<meta property=\"og:type\" content=\"article\" \/>\n<meta property=\"og:title\" content=\"Pinturas murales Ermita de Cantalejo, Segovia. - viviendo el arte\" \/>\n<meta property=\"og:description\" content=\"Tem\u00e1tica de las im\u00e1genes. La ermita es de origen rom\u00e1nico, aunque ha tenido m\u00faltiples reformas, y carec\u00eda de decoraci\u00f3n. La intervenci\u00f3n se centrar\u00e1 en el \u00e1bside, y busca su inspiraci\u00f3n en la imaginer\u00eda de aquel origen, como la imagen de la Virgen titular de la ermita. Puesto que la tem\u00e1tica apocal\u00edptica, basada sobre todo en [&hellip;]\" \/>\n<meta property=\"og:url\" content=\"http:\/\/www.eduardozamarro.com\/blog\/?p=495\" \/>\n<meta property=\"og:site_name\" content=\"viviendo el arte\" \/>\n<meta property=\"article:publisher\" content=\"https:\/\/www.facebook.com\/people\/Eduardo-Zamarro\/100006274908176\" \/>\n<meta property=\"article:published_time\" content=\"2014-07-08T09:10:57+00:00\" \/>\n<meta property=\"article:modified_time\" content=\"2019-08-24T09:48:26+00:00\" \/>\n<meta property=\"og:image\" content=\"http:\/\/www.eduardozamarro.com\/blog\/wp-content\/uploads\/2014\/07\/ermita-cantalejo-despues.jpg\" \/>\n\t<meta property=\"og:image:width\" content=\"2646\" \/>\n\t<meta property=\"og:image:height\" content=\"2448\" \/>\n\t<meta property=\"og:image:type\" content=\"image\/jpeg\" \/>\n<meta name=\"author\" content=\"eduardo\" \/>\n<meta name=\"twitter:card\" content=\"summary_large_image\" \/>\n<meta name=\"twitter:label1\" content=\"Escrito por\" \/>\n\t<meta name=\"twitter:data1\" content=\"eduardo\" \/>\n\t<meta name=\"twitter:label2\" content=\"Tiempo de lectura\" \/>\n\t<meta name=\"twitter:data2\" content=\"6 minutos\" \/>\n<script type=\"application\/ld+json\" class=\"yoast-schema-graph\">{\"@context\":\"https:\/\/schema.org\",\"@graph\":[{\"@type\":\"WebPage\",\"@id\":\"http:\/\/www.eduardozamarro.com\/blog\/?p=495\",\"url\":\"http:\/\/www.eduardozamarro.com\/blog\/?p=495\",\"name\":\"Pinturas murales Ermita de Cantalejo, Segovia. - viviendo el arte\",\"isPartOf\":{\"@id\":\"http:\/\/www.eduardozamarro.com\/blog\/#website\"},\"datePublished\":\"2014-07-08T09:10:57+00:00\",\"dateModified\":\"2019-08-24T09:48:26+00:00\",\"author\":{\"@id\":\"http:\/\/www.eduardozamarro.com\/blog\/#\/schema\/person\/c8d6ede1a3d870193ec3913ce30e90a6\"},\"breadcrumb\":{\"@id\":\"http:\/\/www.eduardozamarro.com\/blog\/?p=495#breadcrumb\"},\"inLanguage\":\"es\",\"potentialAction\":[{\"@type\":\"ReadAction\",\"target\":[\"http:\/\/www.eduardozamarro.com\/blog\/?p=495\"]}]},{\"@type\":\"BreadcrumbList\",\"@id\":\"http:\/\/www.eduardozamarro.com\/blog\/?p=495#breadcrumb\",\"itemListElement\":[{\"@type\":\"ListItem\",\"position\":1,\"name\":\"Portada\",\"item\":\"http:\/\/www.eduardozamarro.com\/blog\"},{\"@type\":\"ListItem\",\"position\":2,\"name\":\"Pinturas murales Ermita de Cantalejo, Segovia.\"}]},{\"@type\":\"WebSite\",\"@id\":\"http:\/\/www.eduardozamarro.com\/blog\/#website\",\"url\":\"http:\/\/www.eduardozamarro.com\/blog\/\",\"name\":\"viviendo el arte\",\"description\":\"eduardo zamarro\",\"alternateName\":\"Un espacio para compartir\",\"potentialAction\":[{\"@type\":\"SearchAction\",\"target\":{\"@type\":\"EntryPoint\",\"urlTemplate\":\"http:\/\/www.eduardozamarro.com\/blog\/?s={search_term_string}\"},\"query-input\":\"required name=search_term_string\"}],\"inLanguage\":\"es\"},{\"@type\":\"Person\",\"@id\":\"http:\/\/www.eduardozamarro.com\/blog\/#\/schema\/person\/c8d6ede1a3d870193ec3913ce30e90a6\",\"name\":\"eduardo\",\"image\":{\"@type\":\"ImageObject\",\"inLanguage\":\"es\",\"@id\":\"http:\/\/www.eduardozamarro.com\/blog\/#\/schema\/person\/image\/\",\"url\":\"https:\/\/secure.gravatar.com\/avatar\/65796e46a800ce6809d1a5d4018c0a27208d46d8ff29dd74c6248264106c222d?s=96&d=blank&r=g\",\"contentUrl\":\"https:\/\/secure.gravatar.com\/avatar\/65796e46a800ce6809d1a5d4018c0a27208d46d8ff29dd74c6248264106c222d?s=96&d=blank&r=g\",\"caption\":\"eduardo\"},\"description\":\"Dr. en Bellas Artes, Artista y profesor de Universidad, especializado en dibujo y pintura de grandes dimensiones. ORCID ID: 0000-0001-5512-2652\",\"sameAs\":[\"http:\/\/www.eduardozamarro.com\"]}]}<\/script>\n<!-- \/ Yoast SEO plugin. -->","yoast_head_json":{"title":"Pinturas murales Ermita de Cantalejo, Segovia. - viviendo el arte","robots":{"index":"index","follow":"follow","max-snippet":"max-snippet:-1","max-image-preview":"max-image-preview:large","max-video-preview":"max-video-preview:-1"},"canonical":"http:\/\/www.eduardozamarro.com\/blog\/?p=495","og_locale":"es_ES","og_type":"article","og_title":"Pinturas murales Ermita de Cantalejo, Segovia. - viviendo el arte","og_description":"Tem\u00e1tica de las im\u00e1genes. La ermita es de origen rom\u00e1nico, aunque ha tenido m\u00faltiples reformas, y carec\u00eda de decoraci\u00f3n. La intervenci\u00f3n se centrar\u00e1 en el \u00e1bside, y busca su inspiraci\u00f3n en la imaginer\u00eda de aquel origen, como la imagen de la Virgen titular de la ermita. Puesto que la tem\u00e1tica apocal\u00edptica, basada sobre todo en [&hellip;]","og_url":"http:\/\/www.eduardozamarro.com\/blog\/?p=495","og_site_name":"viviendo el arte","article_publisher":"https:\/\/www.facebook.com\/people\/Eduardo-Zamarro\/100006274908176","article_published_time":"2014-07-08T09:10:57+00:00","article_modified_time":"2019-08-24T09:48:26+00:00","og_image":[{"width":2646,"height":2448,"url":"http:\/\/www.eduardozamarro.com\/blog\/wp-content\/uploads\/2014\/07\/ermita-cantalejo-despues.jpg","type":"image\/jpeg"}],"author":"eduardo","twitter_card":"summary_large_image","twitter_misc":{"Escrito por":"eduardo","Tiempo de lectura":"6 minutos"},"schema":{"@context":"https:\/\/schema.org","@graph":[{"@type":"WebPage","@id":"http:\/\/www.eduardozamarro.com\/blog\/?p=495","url":"http:\/\/www.eduardozamarro.com\/blog\/?p=495","name":"Pinturas murales Ermita de Cantalejo, Segovia. - viviendo el arte","isPartOf":{"@id":"http:\/\/www.eduardozamarro.com\/blog\/#website"},"datePublished":"2014-07-08T09:10:57+00:00","dateModified":"2019-08-24T09:48:26+00:00","author":{"@id":"http:\/\/www.eduardozamarro.com\/blog\/#\/schema\/person\/c8d6ede1a3d870193ec3913ce30e90a6"},"breadcrumb":{"@id":"http:\/\/www.eduardozamarro.com\/blog\/?p=495#breadcrumb"},"inLanguage":"es","potentialAction":[{"@type":"ReadAction","target":["http:\/\/www.eduardozamarro.com\/blog\/?p=495"]}]},{"@type":"BreadcrumbList","@id":"http:\/\/www.eduardozamarro.com\/blog\/?p=495#breadcrumb","itemListElement":[{"@type":"ListItem","position":1,"name":"Portada","item":"http:\/\/www.eduardozamarro.com\/blog"},{"@type":"ListItem","position":2,"name":"Pinturas murales Ermita de Cantalejo, Segovia."}]},{"@type":"WebSite","@id":"http:\/\/www.eduardozamarro.com\/blog\/#website","url":"http:\/\/www.eduardozamarro.com\/blog\/","name":"viviendo el arte","description":"eduardo zamarro","alternateName":"Un espacio para compartir","potentialAction":[{"@type":"SearchAction","target":{"@type":"EntryPoint","urlTemplate":"http:\/\/www.eduardozamarro.com\/blog\/?s={search_term_string}"},"query-input":"required name=search_term_string"}],"inLanguage":"es"},{"@type":"Person","@id":"http:\/\/www.eduardozamarro.com\/blog\/#\/schema\/person\/c8d6ede1a3d870193ec3913ce30e90a6","name":"eduardo","image":{"@type":"ImageObject","inLanguage":"es","@id":"http:\/\/www.eduardozamarro.com\/blog\/#\/schema\/person\/image\/","url":"https:\/\/secure.gravatar.com\/avatar\/65796e46a800ce6809d1a5d4018c0a27208d46d8ff29dd74c6248264106c222d?s=96&d=blank&r=g","contentUrl":"https:\/\/secure.gravatar.com\/avatar\/65796e46a800ce6809d1a5d4018c0a27208d46d8ff29dd74c6248264106c222d?s=96&d=blank&r=g","caption":"eduardo"},"description":"Dr. en Bellas Artes, Artista y profesor de Universidad, especializado en dibujo y pintura de grandes dimensiones. ORCID ID: 0000-0001-5512-2652","sameAs":["http:\/\/www.eduardozamarro.com"]}]}},"_links":{"self":[{"href":"http:\/\/www.eduardozamarro.com\/blog\/index.php?rest_route=\/wp\/v2\/posts\/495","targetHints":{"allow":["GET"]}}],"collection":[{"href":"http:\/\/www.eduardozamarro.com\/blog\/index.php?rest_route=\/wp\/v2\/posts"}],"about":[{"href":"http:\/\/www.eduardozamarro.com\/blog\/index.php?rest_route=\/wp\/v2\/types\/post"}],"author":[{"embeddable":true,"href":"http:\/\/www.eduardozamarro.com\/blog\/index.php?rest_route=\/wp\/v2\/users\/1"}],"replies":[{"embeddable":true,"href":"http:\/\/www.eduardozamarro.com\/blog\/index.php?rest_route=%2Fwp%2Fv2%2Fcomments&post=495"}],"version-history":[{"count":6,"href":"http:\/\/www.eduardozamarro.com\/blog\/index.php?rest_route=\/wp\/v2\/posts\/495\/revisions"}],"predecessor-version":[{"id":1859,"href":"http:\/\/www.eduardozamarro.com\/blog\/index.php?rest_route=\/wp\/v2\/posts\/495\/revisions\/1859"}],"wp:featuredmedia":[{"embeddable":true,"href":"http:\/\/www.eduardozamarro.com\/blog\/index.php?rest_route=\/wp\/v2\/media\/639"}],"wp:attachment":[{"href":"http:\/\/www.eduardozamarro.com\/blog\/index.php?rest_route=%2Fwp%2Fv2%2Fmedia&parent=495"}],"wp:term":[{"taxonomy":"category","embeddable":true,"href":"http:\/\/www.eduardozamarro.com\/blog\/index.php?rest_route=%2Fwp%2Fv2%2Fcategories&post=495"},{"taxonomy":"post_tag","embeddable":true,"href":"http:\/\/www.eduardozamarro.com\/blog\/index.php?rest_route=%2Fwp%2Fv2%2Ftags&post=495"}],"curies":[{"name":"wp","href":"https:\/\/api.w.org\/{rel}","templated":true}]}}