{"id":1755,"date":"2019-05-22T14:43:12","date_gmt":"2019-05-22T14:43:12","guid":{"rendered":"http:\/\/www.eduardozamarro.com\/blog\/?p=1755"},"modified":"2019-08-24T18:11:40","modified_gmt":"2019-08-24T18:11:40","slug":"goethe-y-schiller-rosa-de-los-temperamentos-psicologia-del-color","status":"publish","type":"post","link":"http:\/\/www.eduardozamarro.com\/blog\/?p=1755","title":{"rendered":"Goethe y Schiller, Rosa de los temperamentos, Psicolog\u00eda del color."},"content":{"rendered":"\n<p>La Rosa de los temperamentos 1798-1799<a href=\"https:\/\/hipertextual.com\/2015\/04\/teoria-del-color-goethe\">*<\/a> es un estudio anterior a: <br>&nbsp;<em>Zur Farbenlehre<\/em> (Teor\u00eda de los colores) de Goethe. La realiz\u00f3 junto con el fil\u00f3sofo Fiedrich Shiller. En esta rueda se asocian los colores a cuatro temperamentos fundamentales y cada uno de ellos en otros tres, saliendo al final doce temperamentos asociados a doce colores: <\/p>\n\n\n\n<p style=\"text-align:left\"><strong>Cuatro temperamentos<\/strong> <strong>fundamentales <\/strong>derivados de la teor\u00eda filos\u00f3fica griega y romana de la antig\u00fcedad, que son: <\/p>\n\n\n\n<p> Melanc\u00f3lico, del violeta al rojo<\/p>\n\n\n\n<p>Col\u00e9rico, del rojo al amarillo.<\/p>\n\n\n\n<p> Sangu\u00edneo,  del amarillo al verde<\/p>\n\n\n\n<p> Flem\u00e1tico. del verde al azul<\/p>\n\n\n\n<p><strong>Y otros doce asociados<\/strong> a estos:<\/p>\n\n\n\n<p>Tiranos, h\u00e9roes, aventureros, hedonistas, amantes, poetas, oradores p\u00fablicos, historiadores , maestros, fil\u00f3sofos, pedantes, gobernantes.<\/p>\n\n\n\n<figure class=\"wp-block-image\"><img loading=\"lazy\" decoding=\"async\" width=\"800\" height=\"630\" src=\"http:\/\/www.eduardozamarro.com\/blog\/wp-content\/uploads\/2019\/04\/colores-aristoteles-e-zamarro.png\" alt=\"\" class=\"wp-image-1815\" srcset=\"http:\/\/www.eduardozamarro.com\/blog\/wp-content\/uploads\/2019\/04\/colores-aristoteles-e-zamarro.png 800w, http:\/\/www.eduardozamarro.com\/blog\/wp-content\/uploads\/2019\/04\/colores-aristoteles-e-zamarro-300x236.png 300w, http:\/\/www.eduardozamarro.com\/blog\/wp-content\/uploads\/2019\/04\/colores-aristoteles-e-zamarro-768x605.png 768w\" sizes=\"auto, (max-width: 800px) 100vw, 800px\" \/><figcaption> <br>Arist\u00f3teles relaccion\u00f3 los colores y los elementos b\u00e1sicos.  siendo cuatro los colores de los que parten los dem\u00e1s.  <\/figcaption><\/figure>\n\n\n\n<p> <br><br><\/p>\n\n\n\n<figure class=\"wp-block-image\"><img loading=\"lazy\" decoding=\"async\" width=\"794\" height=\"867\" src=\"https:\/\/www.eduardozamarro.com\/blog\/wp-content\/uploads\/2019\/04\/paul-klee-en-base-a-goethe.jpg\" alt=\"\" class=\"wp-image-1726\" srcset=\"http:\/\/www.eduardozamarro.com\/blog\/wp-content\/uploads\/2019\/04\/paul-klee-en-base-a-goethe.jpg 794w, http:\/\/www.eduardozamarro.com\/blog\/wp-content\/uploads\/2019\/04\/paul-klee-en-base-a-goethe-275x300.jpg 275w, http:\/\/www.eduardozamarro.com\/blog\/wp-content\/uploads\/2019\/04\/paul-klee-en-base-a-goethe-768x839.jpg 768w\" sizes=\"auto, (max-width: 794px) 100vw, 794px\" \/><figcaption> <br>Dibujo de Klee inspirado en la teor\u00eda de Goethe.<br><br><\/figcaption><\/figure>\n\n\n\n<p>Las teor\u00edas del color de goethe influenciaron mucho a artistas como willIam turner y wassily kandinsky.<\/p>\n\n\n\n<p>Goethe afirmaba que solo exist\u00edan dos colores puros, el amarillo y el azul, y que los dem\u00e1s solo eran derivados de estos. El amarillo el color de la luz y el azul el color de la oscuridad. colores que representan conceptos completarios, el fr\u00edo y el calor, la luz y la oscuridad. Su mezcla el verde presenta la calma.<\/p>\n\n\n\n<p>Un saludo.<\/p>\n\n\n<p><!--EndFragment--><\/p>\n<p><\/p><!--CusAds0-->\n<div style=\"font-size: 0px; height: 0px; line-height: 0px; margin: 0; padding: 0; clear: both;\"><\/div>","protected":false},"excerpt":{"rendered":"<p>En esta rueda se asocian los colores a cuatro temperamentos fundamentales y cada uno de ellos en otros tres, saliendo al final doce temperamentos asociados a doce colores<\/p>\n","protected":false},"author":1,"featured_media":1721,"comment_status":"open","ping_status":"closed","sticky":false,"template":"","format":"standard","meta":{"footnotes":""},"categories":[64],"tags":[164,163,53,165,161,6,160,162,159],"class_list":["post-1755","post","type-post","status-publish","format-standard","has-post-thumbnail","hentry","category-pintura-tecnicas","tag-artes","tag-bellas","tag-color","tag-en-esta-rueda-se-asocian-los-colores-a-cuatro-temperamentos-fundamentales-y-cada-uno-de-ellos-en-otros-tres","tag-goethe","tag-pintura","tag-psicologia","tag-shiller","tag-teoria"],"yoast_head":"<!-- This site is optimized with the Yoast SEO plugin v20.12 - https:\/\/yoast.com\/wordpress\/plugins\/seo\/ -->\n<title>Goethe y Schiller, Rosa de los temperamentos, Psicolog\u00eda del color. - viviendo el arte<\/title>\n<meta name=\"description\" content=\"La Rosa de los temperamentos 1798-1799*, la realiz\u00f3 junto con el fil\u00f3sofo Fiedrich Shiller. En esta rueda se asocian los colores a cuatro temperamentos fundamentales\" \/>\n<meta name=\"robots\" content=\"index, follow, max-snippet:-1, max-image-preview:large, max-video-preview:-1\" \/>\n<link rel=\"canonical\" href=\"https:\/\/www.eduardozamarro.com\/blog\/?p=1755\" \/>\n<meta property=\"og:locale\" content=\"es_ES\" \/>\n<meta property=\"og:type\" content=\"article\" \/>\n<meta property=\"og:title\" content=\"Goethe y Schiller, Rosa de los temperamentos, Psicolog\u00eda del color. - viviendo el arte\" \/>\n<meta property=\"og:description\" content=\"La Rosa de los temperamentos 1798-1799*, la realiz\u00f3 junto con el fil\u00f3sofo Fiedrich Shiller. En esta rueda se asocian los colores a cuatro temperamentos fundamentales\" \/>\n<meta property=\"og:url\" content=\"https:\/\/www.eduardozamarro.com\/blog\/?p=1755\" \/>\n<meta property=\"og:site_name\" content=\"viviendo el arte\" \/>\n<meta property=\"article:publisher\" content=\"https:\/\/www.facebook.com\/people\/Eduardo-Zamarro\/100006274908176\" \/>\n<meta property=\"article:published_time\" content=\"2019-05-22T14:43:12+00:00\" \/>\n<meta property=\"article:modified_time\" content=\"2019-08-24T18:11:40+00:00\" \/>\n<meta property=\"og:image\" content=\"https:\/\/www.eduardozamarro.com\/blog\/wp-content\/uploads\/2019\/04\/Goethe_Schiller_Die_Temperamentenrose.jpg\" \/>\n\t<meta property=\"og:image:width\" content=\"934\" \/>\n\t<meta property=\"og:image:height\" content=\"954\" \/>\n\t<meta property=\"og:image:type\" content=\"image\/jpeg\" \/>\n<meta name=\"author\" content=\"eduardo\" \/>\n<meta name=\"twitter:card\" content=\"summary_large_image\" \/>\n<meta name=\"twitter:label1\" content=\"Escrito por\" \/>\n\t<meta name=\"twitter:data1\" content=\"eduardo\" \/>\n\t<meta name=\"twitter:label2\" content=\"Tiempo de lectura\" \/>\n\t<meta name=\"twitter:data2\" content=\"1 minuto\" \/>\n<script type=\"application\/ld+json\" class=\"yoast-schema-graph\">{\"@context\":\"https:\/\/schema.org\",\"@graph\":[{\"@type\":\"WebPage\",\"@id\":\"https:\/\/www.eduardozamarro.com\/blog\/?p=1755\",\"url\":\"https:\/\/www.eduardozamarro.com\/blog\/?p=1755\",\"name\":\"Goethe y Schiller, Rosa de los temperamentos, Psicolog\u00eda del color. - viviendo el arte\",\"isPartOf\":{\"@id\":\"http:\/\/www.eduardozamarro.com\/blog\/#website\"},\"datePublished\":\"2019-05-22T14:43:12+00:00\",\"dateModified\":\"2019-08-24T18:11:40+00:00\",\"author\":{\"@id\":\"http:\/\/www.eduardozamarro.com\/blog\/#\/schema\/person\/c8d6ede1a3d870193ec3913ce30e90a6\"},\"description\":\"La Rosa de los temperamentos 1798-1799*, la realiz\u00f3 junto con el fil\u00f3sofo Fiedrich Shiller. En esta rueda se asocian los colores a cuatro temperamentos fundamentales\",\"breadcrumb\":{\"@id\":\"https:\/\/www.eduardozamarro.com\/blog\/?p=1755#breadcrumb\"},\"inLanguage\":\"es\",\"potentialAction\":[{\"@type\":\"ReadAction\",\"target\":[\"https:\/\/www.eduardozamarro.com\/blog\/?p=1755\"]}]},{\"@type\":\"BreadcrumbList\",\"@id\":\"https:\/\/www.eduardozamarro.com\/blog\/?p=1755#breadcrumb\",\"itemListElement\":[{\"@type\":\"ListItem\",\"position\":1,\"name\":\"Portada\",\"item\":\"http:\/\/www.eduardozamarro.com\/blog\"},{\"@type\":\"ListItem\",\"position\":2,\"name\":\"Goethe y Schiller, Rosa de los temperamentos, Psicolog\u00eda del color.\"}]},{\"@type\":\"WebSite\",\"@id\":\"http:\/\/www.eduardozamarro.com\/blog\/#website\",\"url\":\"http:\/\/www.eduardozamarro.com\/blog\/\",\"name\":\"viviendo el arte\",\"description\":\"eduardo zamarro\",\"alternateName\":\"Un espacio para compartir\",\"potentialAction\":[{\"@type\":\"SearchAction\",\"target\":{\"@type\":\"EntryPoint\",\"urlTemplate\":\"http:\/\/www.eduardozamarro.com\/blog\/?s={search_term_string}\"},\"query-input\":\"required name=search_term_string\"}],\"inLanguage\":\"es\"},{\"@type\":\"Person\",\"@id\":\"http:\/\/www.eduardozamarro.com\/blog\/#\/schema\/person\/c8d6ede1a3d870193ec3913ce30e90a6\",\"name\":\"eduardo\",\"image\":{\"@type\":\"ImageObject\",\"inLanguage\":\"es\",\"@id\":\"http:\/\/www.eduardozamarro.com\/blog\/#\/schema\/person\/image\/\",\"url\":\"https:\/\/secure.gravatar.com\/avatar\/65796e46a800ce6809d1a5d4018c0a27208d46d8ff29dd74c6248264106c222d?s=96&d=blank&r=g\",\"contentUrl\":\"https:\/\/secure.gravatar.com\/avatar\/65796e46a800ce6809d1a5d4018c0a27208d46d8ff29dd74c6248264106c222d?s=96&d=blank&r=g\",\"caption\":\"eduardo\"},\"description\":\"Dr. en Bellas Artes, Artista y profesor de Universidad, especializado en dibujo y pintura de grandes dimensiones. ORCID ID: 0000-0001-5512-2652\",\"sameAs\":[\"http:\/\/www.eduardozamarro.com\"]}]}<\/script>\n<!-- \/ Yoast SEO plugin. -->","yoast_head_json":{"title":"Goethe y Schiller, Rosa de los temperamentos, Psicolog\u00eda del color. - viviendo el arte","description":"La Rosa de los temperamentos 1798-1799*, la realiz\u00f3 junto con el fil\u00f3sofo Fiedrich Shiller. En esta rueda se asocian los colores a cuatro temperamentos fundamentales","robots":{"index":"index","follow":"follow","max-snippet":"max-snippet:-1","max-image-preview":"max-image-preview:large","max-video-preview":"max-video-preview:-1"},"canonical":"https:\/\/www.eduardozamarro.com\/blog\/?p=1755","og_locale":"es_ES","og_type":"article","og_title":"Goethe y Schiller, Rosa de los temperamentos, Psicolog\u00eda del color. - viviendo el arte","og_description":"La Rosa de los temperamentos 1798-1799*, la realiz\u00f3 junto con el fil\u00f3sofo Fiedrich Shiller. En esta rueda se asocian los colores a cuatro temperamentos fundamentales","og_url":"https:\/\/www.eduardozamarro.com\/blog\/?p=1755","og_site_name":"viviendo el arte","article_publisher":"https:\/\/www.facebook.com\/people\/Eduardo-Zamarro\/100006274908176","article_published_time":"2019-05-22T14:43:12+00:00","article_modified_time":"2019-08-24T18:11:40+00:00","og_image":[{"width":934,"height":954,"url":"https:\/\/www.eduardozamarro.com\/blog\/wp-content\/uploads\/2019\/04\/Goethe_Schiller_Die_Temperamentenrose.jpg","type":"image\/jpeg"}],"author":"eduardo","twitter_card":"summary_large_image","twitter_misc":{"Escrito por":"eduardo","Tiempo de lectura":"1 minuto"},"schema":{"@context":"https:\/\/schema.org","@graph":[{"@type":"WebPage","@id":"https:\/\/www.eduardozamarro.com\/blog\/?p=1755","url":"https:\/\/www.eduardozamarro.com\/blog\/?p=1755","name":"Goethe y Schiller, Rosa de los temperamentos, Psicolog\u00eda del color. - viviendo el arte","isPartOf":{"@id":"http:\/\/www.eduardozamarro.com\/blog\/#website"},"datePublished":"2019-05-22T14:43:12+00:00","dateModified":"2019-08-24T18:11:40+00:00","author":{"@id":"http:\/\/www.eduardozamarro.com\/blog\/#\/schema\/person\/c8d6ede1a3d870193ec3913ce30e90a6"},"description":"La Rosa de los temperamentos 1798-1799*, la realiz\u00f3 junto con el fil\u00f3sofo Fiedrich Shiller. En esta rueda se asocian los colores a cuatro temperamentos fundamentales","breadcrumb":{"@id":"https:\/\/www.eduardozamarro.com\/blog\/?p=1755#breadcrumb"},"inLanguage":"es","potentialAction":[{"@type":"ReadAction","target":["https:\/\/www.eduardozamarro.com\/blog\/?p=1755"]}]},{"@type":"BreadcrumbList","@id":"https:\/\/www.eduardozamarro.com\/blog\/?p=1755#breadcrumb","itemListElement":[{"@type":"ListItem","position":1,"name":"Portada","item":"http:\/\/www.eduardozamarro.com\/blog"},{"@type":"ListItem","position":2,"name":"Goethe y Schiller, Rosa de los temperamentos, Psicolog\u00eda del color."}]},{"@type":"WebSite","@id":"http:\/\/www.eduardozamarro.com\/blog\/#website","url":"http:\/\/www.eduardozamarro.com\/blog\/","name":"viviendo el arte","description":"eduardo zamarro","alternateName":"Un espacio para compartir","potentialAction":[{"@type":"SearchAction","target":{"@type":"EntryPoint","urlTemplate":"http:\/\/www.eduardozamarro.com\/blog\/?s={search_term_string}"},"query-input":"required name=search_term_string"}],"inLanguage":"es"},{"@type":"Person","@id":"http:\/\/www.eduardozamarro.com\/blog\/#\/schema\/person\/c8d6ede1a3d870193ec3913ce30e90a6","name":"eduardo","image":{"@type":"ImageObject","inLanguage":"es","@id":"http:\/\/www.eduardozamarro.com\/blog\/#\/schema\/person\/image\/","url":"https:\/\/secure.gravatar.com\/avatar\/65796e46a800ce6809d1a5d4018c0a27208d46d8ff29dd74c6248264106c222d?s=96&d=blank&r=g","contentUrl":"https:\/\/secure.gravatar.com\/avatar\/65796e46a800ce6809d1a5d4018c0a27208d46d8ff29dd74c6248264106c222d?s=96&d=blank&r=g","caption":"eduardo"},"description":"Dr. en Bellas Artes, Artista y profesor de Universidad, especializado en dibujo y pintura de grandes dimensiones. ORCID ID: 0000-0001-5512-2652","sameAs":["http:\/\/www.eduardozamarro.com"]}]}},"_links":{"self":[{"href":"http:\/\/www.eduardozamarro.com\/blog\/index.php?rest_route=\/wp\/v2\/posts\/1755","targetHints":{"allow":["GET"]}}],"collection":[{"href":"http:\/\/www.eduardozamarro.com\/blog\/index.php?rest_route=\/wp\/v2\/posts"}],"about":[{"href":"http:\/\/www.eduardozamarro.com\/blog\/index.php?rest_route=\/wp\/v2\/types\/post"}],"author":[{"embeddable":true,"href":"http:\/\/www.eduardozamarro.com\/blog\/index.php?rest_route=\/wp\/v2\/users\/1"}],"replies":[{"embeddable":true,"href":"http:\/\/www.eduardozamarro.com\/blog\/index.php?rest_route=%2Fwp%2Fv2%2Fcomments&post=1755"}],"version-history":[{"count":17,"href":"http:\/\/www.eduardozamarro.com\/blog\/index.php?rest_route=\/wp\/v2\/posts\/1755\/revisions"}],"predecessor-version":[{"id":1829,"href":"http:\/\/www.eduardozamarro.com\/blog\/index.php?rest_route=\/wp\/v2\/posts\/1755\/revisions\/1829"}],"wp:featuredmedia":[{"embeddable":true,"href":"http:\/\/www.eduardozamarro.com\/blog\/index.php?rest_route=\/wp\/v2\/media\/1721"}],"wp:attachment":[{"href":"http:\/\/www.eduardozamarro.com\/blog\/index.php?rest_route=%2Fwp%2Fv2%2Fmedia&parent=1755"}],"wp:term":[{"taxonomy":"category","embeddable":true,"href":"http:\/\/www.eduardozamarro.com\/blog\/index.php?rest_route=%2Fwp%2Fv2%2Fcategories&post=1755"},{"taxonomy":"post_tag","embeddable":true,"href":"http:\/\/www.eduardozamarro.com\/blog\/index.php?rest_route=%2Fwp%2Fv2%2Ftags&post=1755"}],"curies":[{"name":"wp","href":"https:\/\/api.w.org\/{rel}","templated":true}]}}