{"id":1605,"date":"2019-03-18T12:18:50","date_gmt":"2019-03-18T12:18:50","guid":{"rendered":"http:\/\/www.eduardozamarro.com\/blog\/?p=1605"},"modified":"2019-08-24T18:00:52","modified_gmt":"2019-08-24T18:00:52","slug":"el-color-en-las-sombras-como-pintar-las-sombras","status":"publish","type":"post","link":"http:\/\/www.eduardozamarro.com\/blog\/?p=1605","title":{"rendered":"El color de las sombras"},"content":{"rendered":"\n<p> <br>Te voy a contar una f\u00f3rmula muy sencilla que espero te ayude en este tema. Y voy a explicarte con un poco de historia la evoluci\u00f3n del tratamiento de las sombras en la pintura occidental.<\/p>\n\n\n\n<p>Cuando comenzamos a pintar, uno de los grandes problemas comienza cuando buscamos el color de las sombras.<\/p>\n\n\n\n<p><strong>Aqu\u00ed te dejo la f\u00f3rmula:<\/strong><\/p>\n\n\n\n<p style=\"text-align:center\">1 El color propio m\u00e1s oscuro <\/p>\n\n\n\n<p style=\"text-align:center\">2 El color complementario<\/p>\n\n\n\n<p style=\"text-align:center\"> 3 El color Azul <\/p>\n\n\n\n<p><strong>Vamos a explicarla:<\/strong><\/p>\n\n\n\n<p>Siempre debemos de<strong> huir de emplear el negro<\/strong> para oscurecer ya que ensucia mucho el color y por extensi\u00f3n no debemos abusar del blanco, aunque su aplicaci\u00f3n no es tan cr\u00edtica como la del negro. <\/p>\n\n\n\n<p>para aclarar podremos usar el blanco y un poco de amarillo, ya que el amarillo es el color de la luz y aunque hablemos de sombra no se puede trabajar esta sin contemplar las luz.<\/p>\n\n\n\n<p>Pues bien, si el amarillo es el color de la luz, el azul es el color de la sombra, as\u00ed que en vez de negro, en las sombras m\u00e1s oscuras a\u00f1ade azul cobalto o azul de Prusia.<\/p>\n\n\n\n<p>Para ir trabajando la zona de las sombras debemos ir poniendo tambi\u00e9n el tono propio m\u00e1s oscuro, si se trata de una manzana roja, pues buscamos por ejemplo el rojo m\u00e1s oscuro, un tierra de siena, un carm\u00edn de garanza luego el azul.<\/p>\n\n\n\n<p>Recuerda los colores tierra, como el ocre amarillo, tierra de siena, sombra tostada, son colores quebrados que adem\u00e1s de ayudarnos a quitar saturaci\u00f3n nos pueden servir para oscurecer el tono.<\/p>\n\n\n\n<p>El complementario es otro color presente en las sombra as\u00ed que si trabajamos la manzana roja en la zona de sombra debemos aplicar su complementario, el verde.<\/p>\n\n\n\n<figure class=\"wp-block-embed-youtube wp-block-embed is-type-video is-provider-youtube wp-embed-aspect-16-9 wp-has-aspect-ratio\"><div class=\"wp-block-embed__wrapper\">\n<div class=\"epyt-video-wrapper\"><iframe loading=\"lazy\"  id=\"_ytid_16067\"  width=\"640\" height=\"360\"  data-origwidth=\"640\" data-origheight=\"360\" src=\"https:\/\/www.youtube.com\/embed\/Wcw5vgWOFvc?enablejsapi=1&#038;autoplay=0&#038;cc_load_policy=0&#038;cc_lang_pref=&#038;iv_load_policy=1&#038;loop=0&#038;modestbranding=0&#038;rel=1&#038;fs=1&#038;playsinline=0&#038;autohide=2&#038;theme=dark&#038;color=red&#038;controls=1&#038;\" class=\"__youtube_prefs__  epyt-is-override  no-lazyload\" title=\"YouTube player\"  allow=\"accelerometer; autoplay; clipboard-write; encrypted-media; gyroscope; picture-in-picture\" allowfullscreen data-no-lazy=\"1\" data-skipgform_ajax_framebjll=\"\"><\/iframe><\/div>\n<\/div><figcaption>experimento de Goethe para entender como aparece el complementario en la sombra.<\/figcaption><\/figure>\n\n\n\n<p>Pero esto no siempre fue as\u00ed, hasta que los impresionistas no legaron , sacaron sus caballetes del estudio y aplicaron las teor\u00edas del color, las sombras se abordaban de otra manera.<\/p>\n\n\n\n<figure class=\"wp-block-image\"><img loading=\"lazy\" decoding=\"async\" width=\"1000\" height=\"925\" src=\"http:\/\/www.eduardozamarro.com\/blog\/wp-content\/uploads\/2019\/03\/Giotto_-_Scrovegni_-_-36-_-_Lamentation_The_Mourning_of_Christ_adj.jpg\" alt=\"\" class=\"wp-image-1608\" srcset=\"http:\/\/www.eduardozamarro.com\/blog\/wp-content\/uploads\/2019\/03\/Giotto_-_Scrovegni_-_-36-_-_Lamentation_The_Mourning_of_Christ_adj.jpg 1000w, http:\/\/www.eduardozamarro.com\/blog\/wp-content\/uploads\/2019\/03\/Giotto_-_Scrovegni_-_-36-_-_Lamentation_The_Mourning_of_Christ_adj-300x278.jpg 300w, http:\/\/www.eduardozamarro.com\/blog\/wp-content\/uploads\/2019\/03\/Giotto_-_Scrovegni_-_-36-_-_Lamentation_The_Mourning_of_Christ_adj-768x710.jpg 768w, http:\/\/www.eduardozamarro.com\/blog\/wp-content\/uploads\/2019\/03\/Giotto_-_Scrovegni_-_-36-_-_Lamentation_The_Mourning_of_Christ_adj-570x527.jpg 570w, http:\/\/www.eduardozamarro.com\/blog\/wp-content\/uploads\/2019\/03\/Giotto_-_Scrovegni_-_-36-_-_Lamentation_The_Mourning_of_Christ_adj-270x250.jpg 270w\" sizes=\"auto, (max-width: 1000px) 100vw, 1000px\" \/><figcaption> <br>Giotto, h.&nbsp; 1305-1306,  Lamentaci\u00f3n sobre el Cristo muerto, fresco, 200 x 185 cm  <br>Capilla de los Scrovegn. <a href=\"https:\/\/es.wikipedia.org\/wiki\/Lamentaci%C3%B3n_sobre_Cristo_muerto_(Giotto)#\/media\/File:Giotto_-_Scrovegni_-_-36-_-_Lamentation_(The_Mourning_of_Christ)_adj.jpg\">*<\/a><br><\/figcaption><\/figure>\n\n\n\n<p>Giotto, Leonardo, Rafael y desde siempre y hasta el siglo pasado todos los artistas han pintado el tono de las sombras oscureciendo el tono local. <\/p>\n\n\n\n<figure class=\"wp-block-image\"><img loading=\"lazy\" decoding=\"async\" width=\"800\" height=\"584\" src=\"https:\/\/www.eduardozamarro.com\/blog\/wp-content\/uploads\/2019\/03\/800px-Vel\u00e1zquez_-_El_Triunfo_de_Baco_o_Los_Borrachos_Museo_del_Prado_1628-29.jpg\" alt=\"\" class=\"wp-image-1609\" srcset=\"http:\/\/www.eduardozamarro.com\/blog\/wp-content\/uploads\/2019\/03\/800px-Vel\u00e1zquez_-_El_Triunfo_de_Baco_o_Los_Borrachos_Museo_del_Prado_1628-29.jpg 800w, http:\/\/www.eduardozamarro.com\/blog\/wp-content\/uploads\/2019\/03\/800px-Vel\u00e1zquez_-_El_Triunfo_de_Baco_o_Los_Borrachos_Museo_del_Prado_1628-29-300x219.jpg 300w, http:\/\/www.eduardozamarro.com\/blog\/wp-content\/uploads\/2019\/03\/800px-Vel\u00e1zquez_-_El_Triunfo_de_Baco_o_Los_Borrachos_Museo_del_Prado_1628-29-768x561.jpg 768w, http:\/\/www.eduardozamarro.com\/blog\/wp-content\/uploads\/2019\/03\/800px-Vel\u00e1zquez_-_El_Triunfo_de_Baco_o_Los_Borrachos_Museo_del_Prado_1628-29-570x416.jpg 570w\" sizes=\"auto, (max-width: 800px) 100vw, 800px\" \/><figcaption>Vel\u00e1zquez, D. 1628-1629, EL triunfo de Baco, \u00d3leo, 165 x 225 cm, Museo del Prado <a href=\"https:\/\/an.wikipedia.org\/wiki\/Imachen:Vel%C3%A1zquez_-_El_Triunfo_de_Baco_o_Los_Borrachos_(Museo_del_Prado,_1628-29).jpg\">*<\/a><\/figcaption><\/figure>\n\n\n\n<p>Rubens usa tonos m\u00e1s luminosos, sienas rojizos, tonos dorados, ocres. Velazquez tiene influencia de Carvaggio en su primera fase y despu\u00e9s de Tiziano y Rubens, luego se independizar\u00e1&nbsp; y aunque sigue usando en las sombras el tono m\u00e1s oscuro introducen el modelado tonos gris\u00e1ceos mezcla de pardos oscuros, negro y blanco. <a href=\"Fuente: PARRAMON. J.M &quot;EL GRAN LIBRO DEL COLOR&quot; Parram\u00f3n ediciones, 1998 Barcelona.\">*<\/a><\/p>\n\n\n\n<p><br>Goethe en su libro (Teor\u00eda de los colores) de 1810 ser\u00e1 clave al estudiar las sombras coloreadas. Con experimentos con luces filtradas descubrir\u00e1 que el complementario es un color presente en las sombras. Si  esto le unimos que el azul es color de la oscuridad, ya tendremos las claves para entender las sombras con m\u00e1s naturalidad.<\/p>\n\n\n\n<figure class=\"wp-block-image\"><img loading=\"lazy\" decoding=\"async\" width=\"800\" height=\"595\" src=\"http:\/\/www.eduardozamarro.com\/blog\/wp-content\/uploads\/2019\/03\/Playa-de-Valencia-a-la-luz-de-la-ma\u00f1ana.jpg\" alt=\"\" class=\"wp-image-1622\" srcset=\"http:\/\/www.eduardozamarro.com\/blog\/wp-content\/uploads\/2019\/03\/Playa-de-Valencia-a-la-luz-de-la-ma\u00f1ana.jpg 800w, http:\/\/www.eduardozamarro.com\/blog\/wp-content\/uploads\/2019\/03\/Playa-de-Valencia-a-la-luz-de-la-ma\u00f1ana-300x223.jpg 300w, http:\/\/www.eduardozamarro.com\/blog\/wp-content\/uploads\/2019\/03\/Playa-de-Valencia-a-la-luz-de-la-ma\u00f1ana-768x571.jpg 768w, http:\/\/www.eduardozamarro.com\/blog\/wp-content\/uploads\/2019\/03\/Playa-de-Valencia-a-la-luz-de-la-ma\u00f1ana-570x424.jpg 570w\" sizes=\"auto, (max-width: 800px) 100vw, 800px\" \/><figcaption> <br>Sorrolla, J. 1908, Playa de Valencia a la luz de la ma\u00f1ana<\/figcaption><\/figure>\n\n\n\n<p>Estos estudios de influir\u00e1n mucho en los  impresionistas y postimpresionistas. Sacar\u00e1 los caballetes del estudio, y observar\u00e1n la realidad, es el momento en el que entra el color azul y el complementario en las sombras .<\/p>\n\n\n\n<figure class=\"wp-block-image\"><img loading=\"lazy\" decoding=\"async\" width=\"800\" height=\"704\" src=\"https:\/\/www.eduardozamarro.com\/blog\/wp-content\/uploads\/2019\/03\/Art_series_Claude_Monet_-Parliament.jpg\" alt=\"\" class=\"wp-image-1625\" srcset=\"http:\/\/www.eduardozamarro.com\/blog\/wp-content\/uploads\/2019\/03\/Art_series_Claude_Monet_-Parliament.jpg 800w, http:\/\/www.eduardozamarro.com\/blog\/wp-content\/uploads\/2019\/03\/Art_series_Claude_Monet_-Parliament-300x264.jpg 300w, http:\/\/www.eduardozamarro.com\/blog\/wp-content\/uploads\/2019\/03\/Art_series_Claude_Monet_-Parliament-768x676.jpg 768w, http:\/\/www.eduardozamarro.com\/blog\/wp-content\/uploads\/2019\/03\/Art_series_Claude_Monet_-Parliament-570x502.jpg 570w\" sizes=\"auto, (max-width: 800px) 100vw, 800px\" \/><figcaption>Monet, C. 1902, Parlamento de Londres.<\/figcaption><\/figure>\n\n\n\n<p style=\"text-align:center\"> \u00abcontinuamente estoy en b\u00fasqueda del azul\u00bb (Van Gogh) <\/p>\n\n\n\n<p>Un saludo a todos.<\/p>\n<!--CusAds0-->\n<div style=\"font-size: 0px; height: 0px; line-height: 0px; margin: 0; padding: 0; clear: both;\"><\/div>","protected":false},"excerpt":{"rendered":"<p>Te voy a explicar una f\u00f3rmula muy sencilla que espero te ayude en este tema. Y voy a intentar explicarte con un poco de historia como se han abordado las sombras en la pintura occidental.<\/p>\n","protected":false},"author":1,"featured_media":1620,"comment_status":"open","ping_status":"open","sticky":false,"template":"","format":"standard","meta":{"footnotes":""},"categories":[64],"tags":[60,53,148,147,6,146],"class_list":["post-1605","post","type-post","status-publish","format-standard","has-post-thumbnail","hentry","category-pintura-tecnicas","tag-bellas-artes","tag-color","tag-eduardo-zamarro","tag-el-color-en-las-sombras","tag-pintura","tag-sobras"],"yoast_head":"<!-- This site is optimized with the Yoast SEO plugin v20.12 - https:\/\/yoast.com\/wordpress\/plugins\/seo\/ -->\n<title>El color de las sombras - viviendo el arte<\/title>\n<meta name=\"description\" content=\"Te voy a contar una f\u00f3rmula muy sencilla que espero te ayude en este tema. Y voy a explicarte con un poco de historia la evoluci\u00f3n del tratamiento de las sombras en la pintura occidental.\" \/>\n<meta name=\"robots\" content=\"index, follow, max-snippet:-1, max-image-preview:large, max-video-preview:-1\" \/>\n<link rel=\"canonical\" href=\"http:\/\/www.eduardozamarro.com\/blog\/?p=1605\" \/>\n<meta property=\"og:locale\" content=\"es_ES\" \/>\n<meta property=\"og:type\" content=\"article\" \/>\n<meta property=\"og:title\" content=\"El color de las sombras - viviendo el arte\" \/>\n<meta property=\"og:description\" content=\"Te voy a contar una f\u00f3rmula muy sencilla que espero te ayude en este tema. Y voy a explicarte con un poco de historia la evoluci\u00f3n del tratamiento de las sombras en la pintura occidental.\" \/>\n<meta property=\"og:url\" content=\"http:\/\/www.eduardozamarro.com\/blog\/?p=1605\" \/>\n<meta property=\"og:site_name\" content=\"viviendo el arte\" \/>\n<meta property=\"article:publisher\" content=\"https:\/\/www.facebook.com\/people\/Eduardo-Zamarro\/100006274908176\" \/>\n<meta property=\"article:published_time\" content=\"2019-03-18T12:18:50+00:00\" \/>\n<meta property=\"article:modified_time\" content=\"2019-08-24T18:00:52+00:00\" \/>\n<meta property=\"og:image\" content=\"http:\/\/www.eduardozamarro.com\/blog\/wp-content\/uploads\/2019\/03\/10552552313_1a93b84093_b.jpg\" \/>\n\t<meta property=\"og:image:width\" content=\"974\" \/>\n\t<meta property=\"og:image:height\" content=\"725\" \/>\n\t<meta property=\"og:image:type\" content=\"image\/jpeg\" \/>\n<meta name=\"author\" content=\"eduardo\" \/>\n<meta name=\"twitter:card\" content=\"summary_large_image\" \/>\n<meta name=\"twitter:label1\" content=\"Escrito por\" \/>\n\t<meta name=\"twitter:data1\" content=\"eduardo\" \/>\n\t<meta name=\"twitter:label2\" content=\"Tiempo de lectura\" \/>\n\t<meta name=\"twitter:data2\" content=\"3 minutos\" \/>\n<script type=\"application\/ld+json\" class=\"yoast-schema-graph\">{\"@context\":\"https:\/\/schema.org\",\"@graph\":[{\"@type\":\"WebPage\",\"@id\":\"http:\/\/www.eduardozamarro.com\/blog\/?p=1605\",\"url\":\"http:\/\/www.eduardozamarro.com\/blog\/?p=1605\",\"name\":\"El color de las sombras - viviendo el arte\",\"isPartOf\":{\"@id\":\"http:\/\/www.eduardozamarro.com\/blog\/#website\"},\"datePublished\":\"2019-03-18T12:18:50+00:00\",\"dateModified\":\"2019-08-24T18:00:52+00:00\",\"author\":{\"@id\":\"http:\/\/www.eduardozamarro.com\/blog\/#\/schema\/person\/c8d6ede1a3d870193ec3913ce30e90a6\"},\"description\":\"Te voy a contar una f\u00f3rmula muy sencilla que espero te ayude en este tema. Y voy a explicarte con un poco de historia la evoluci\u00f3n del tratamiento de las sombras en la pintura occidental.\",\"breadcrumb\":{\"@id\":\"http:\/\/www.eduardozamarro.com\/blog\/?p=1605#breadcrumb\"},\"inLanguage\":\"es\",\"potentialAction\":[{\"@type\":\"ReadAction\",\"target\":[\"http:\/\/www.eduardozamarro.com\/blog\/?p=1605\"]}]},{\"@type\":\"BreadcrumbList\",\"@id\":\"http:\/\/www.eduardozamarro.com\/blog\/?p=1605#breadcrumb\",\"itemListElement\":[{\"@type\":\"ListItem\",\"position\":1,\"name\":\"Portada\",\"item\":\"http:\/\/www.eduardozamarro.com\/blog\"},{\"@type\":\"ListItem\",\"position\":2,\"name\":\"El color de las sombras\"}]},{\"@type\":\"WebSite\",\"@id\":\"http:\/\/www.eduardozamarro.com\/blog\/#website\",\"url\":\"http:\/\/www.eduardozamarro.com\/blog\/\",\"name\":\"viviendo el arte\",\"description\":\"eduardo zamarro\",\"alternateName\":\"Un espacio para compartir\",\"potentialAction\":[{\"@type\":\"SearchAction\",\"target\":{\"@type\":\"EntryPoint\",\"urlTemplate\":\"http:\/\/www.eduardozamarro.com\/blog\/?s={search_term_string}\"},\"query-input\":\"required name=search_term_string\"}],\"inLanguage\":\"es\"},{\"@type\":\"Person\",\"@id\":\"http:\/\/www.eduardozamarro.com\/blog\/#\/schema\/person\/c8d6ede1a3d870193ec3913ce30e90a6\",\"name\":\"eduardo\",\"image\":{\"@type\":\"ImageObject\",\"inLanguage\":\"es\",\"@id\":\"http:\/\/www.eduardozamarro.com\/blog\/#\/schema\/person\/image\/\",\"url\":\"https:\/\/secure.gravatar.com\/avatar\/65796e46a800ce6809d1a5d4018c0a27208d46d8ff29dd74c6248264106c222d?s=96&d=blank&r=g\",\"contentUrl\":\"https:\/\/secure.gravatar.com\/avatar\/65796e46a800ce6809d1a5d4018c0a27208d46d8ff29dd74c6248264106c222d?s=96&d=blank&r=g\",\"caption\":\"eduardo\"},\"description\":\"Dr. en Bellas Artes, Artista y profesor de Universidad, especializado en dibujo y pintura de grandes dimensiones. ORCID ID: 0000-0001-5512-2652\",\"sameAs\":[\"http:\/\/www.eduardozamarro.com\"]}]}<\/script>\n<!-- \/ Yoast SEO plugin. -->","yoast_head_json":{"title":"El color de las sombras - viviendo el arte","description":"Te voy a contar una f\u00f3rmula muy sencilla que espero te ayude en este tema. Y voy a explicarte con un poco de historia la evoluci\u00f3n del tratamiento de las sombras en la pintura occidental.","robots":{"index":"index","follow":"follow","max-snippet":"max-snippet:-1","max-image-preview":"max-image-preview:large","max-video-preview":"max-video-preview:-1"},"canonical":"http:\/\/www.eduardozamarro.com\/blog\/?p=1605","og_locale":"es_ES","og_type":"article","og_title":"El color de las sombras - viviendo el arte","og_description":"Te voy a contar una f\u00f3rmula muy sencilla que espero te ayude en este tema. Y voy a explicarte con un poco de historia la evoluci\u00f3n del tratamiento de las sombras en la pintura occidental.","og_url":"http:\/\/www.eduardozamarro.com\/blog\/?p=1605","og_site_name":"viviendo el arte","article_publisher":"https:\/\/www.facebook.com\/people\/Eduardo-Zamarro\/100006274908176","article_published_time":"2019-03-18T12:18:50+00:00","article_modified_time":"2019-08-24T18:00:52+00:00","og_image":[{"width":974,"height":725,"url":"http:\/\/www.eduardozamarro.com\/blog\/wp-content\/uploads\/2019\/03\/10552552313_1a93b84093_b.jpg","type":"image\/jpeg"}],"author":"eduardo","twitter_card":"summary_large_image","twitter_misc":{"Escrito por":"eduardo","Tiempo de lectura":"3 minutos"},"schema":{"@context":"https:\/\/schema.org","@graph":[{"@type":"WebPage","@id":"http:\/\/www.eduardozamarro.com\/blog\/?p=1605","url":"http:\/\/www.eduardozamarro.com\/blog\/?p=1605","name":"El color de las sombras - viviendo el arte","isPartOf":{"@id":"http:\/\/www.eduardozamarro.com\/blog\/#website"},"datePublished":"2019-03-18T12:18:50+00:00","dateModified":"2019-08-24T18:00:52+00:00","author":{"@id":"http:\/\/www.eduardozamarro.com\/blog\/#\/schema\/person\/c8d6ede1a3d870193ec3913ce30e90a6"},"description":"Te voy a contar una f\u00f3rmula muy sencilla que espero te ayude en este tema. Y voy a explicarte con un poco de historia la evoluci\u00f3n del tratamiento de las sombras en la pintura occidental.","breadcrumb":{"@id":"http:\/\/www.eduardozamarro.com\/blog\/?p=1605#breadcrumb"},"inLanguage":"es","potentialAction":[{"@type":"ReadAction","target":["http:\/\/www.eduardozamarro.com\/blog\/?p=1605"]}]},{"@type":"BreadcrumbList","@id":"http:\/\/www.eduardozamarro.com\/blog\/?p=1605#breadcrumb","itemListElement":[{"@type":"ListItem","position":1,"name":"Portada","item":"http:\/\/www.eduardozamarro.com\/blog"},{"@type":"ListItem","position":2,"name":"El color de las sombras"}]},{"@type":"WebSite","@id":"http:\/\/www.eduardozamarro.com\/blog\/#website","url":"http:\/\/www.eduardozamarro.com\/blog\/","name":"viviendo el arte","description":"eduardo zamarro","alternateName":"Un espacio para compartir","potentialAction":[{"@type":"SearchAction","target":{"@type":"EntryPoint","urlTemplate":"http:\/\/www.eduardozamarro.com\/blog\/?s={search_term_string}"},"query-input":"required name=search_term_string"}],"inLanguage":"es"},{"@type":"Person","@id":"http:\/\/www.eduardozamarro.com\/blog\/#\/schema\/person\/c8d6ede1a3d870193ec3913ce30e90a6","name":"eduardo","image":{"@type":"ImageObject","inLanguage":"es","@id":"http:\/\/www.eduardozamarro.com\/blog\/#\/schema\/person\/image\/","url":"https:\/\/secure.gravatar.com\/avatar\/65796e46a800ce6809d1a5d4018c0a27208d46d8ff29dd74c6248264106c222d?s=96&d=blank&r=g","contentUrl":"https:\/\/secure.gravatar.com\/avatar\/65796e46a800ce6809d1a5d4018c0a27208d46d8ff29dd74c6248264106c222d?s=96&d=blank&r=g","caption":"eduardo"},"description":"Dr. en Bellas Artes, Artista y profesor de Universidad, especializado en dibujo y pintura de grandes dimensiones. ORCID ID: 0000-0001-5512-2652","sameAs":["http:\/\/www.eduardozamarro.com"]}]}},"_links":{"self":[{"href":"http:\/\/www.eduardozamarro.com\/blog\/index.php?rest_route=\/wp\/v2\/posts\/1605","targetHints":{"allow":["GET"]}}],"collection":[{"href":"http:\/\/www.eduardozamarro.com\/blog\/index.php?rest_route=\/wp\/v2\/posts"}],"about":[{"href":"http:\/\/www.eduardozamarro.com\/blog\/index.php?rest_route=\/wp\/v2\/types\/post"}],"author":[{"embeddable":true,"href":"http:\/\/www.eduardozamarro.com\/blog\/index.php?rest_route=\/wp\/v2\/users\/1"}],"replies":[{"embeddable":true,"href":"http:\/\/www.eduardozamarro.com\/blog\/index.php?rest_route=%2Fwp%2Fv2%2Fcomments&post=1605"}],"version-history":[{"count":37,"href":"http:\/\/www.eduardozamarro.com\/blog\/index.php?rest_route=\/wp\/v2\/posts\/1605\/revisions"}],"predecessor-version":[{"id":1879,"href":"http:\/\/www.eduardozamarro.com\/blog\/index.php?rest_route=\/wp\/v2\/posts\/1605\/revisions\/1879"}],"wp:featuredmedia":[{"embeddable":true,"href":"http:\/\/www.eduardozamarro.com\/blog\/index.php?rest_route=\/wp\/v2\/media\/1620"}],"wp:attachment":[{"href":"http:\/\/www.eduardozamarro.com\/blog\/index.php?rest_route=%2Fwp%2Fv2%2Fmedia&parent=1605"}],"wp:term":[{"taxonomy":"category","embeddable":true,"href":"http:\/\/www.eduardozamarro.com\/blog\/index.php?rest_route=%2Fwp%2Fv2%2Fcategories&post=1605"},{"taxonomy":"post_tag","embeddable":true,"href":"http:\/\/www.eduardozamarro.com\/blog\/index.php?rest_route=%2Fwp%2Fv2%2Ftags&post=1605"}],"curies":[{"name":"wp","href":"https:\/\/api.w.org\/{rel}","templated":true}]}}